{"id":15649,"date":"2019-02-22T02:35:47","date_gmt":"2019-02-22T02:35:47","guid":{"rendered":"https:\/\/espacodosol.com\/blog.br\/?p=15649"},"modified":"2019-02-22T02:35:47","modified_gmt":"2019-02-22T02:35:47","slug":"maria-madalena-novas-energias-em-um-velho-mundo","status":"publish","type":"post","link":"https:\/\/espacodosol.com\/blog\/index.php\/2019\/02\/22\/maria-madalena-novas-energias-em-um-velho-mundo\/","title":{"rendered":"Maria Madalena ~ Novas Energias em um Velho Mundo"},"content":{"rendered":"<p><img loading=\"lazy\" decoding=\"async\" class=\"alignnone size-full wp-image-15650\" src=\"https:\/\/espacodosol.com\/blog.br\/wp-content\/uploads\/2019\/02\/Velho_mundo.jpg\" alt=\"\" width=\"555\" height=\"347\" \/><\/p>\n<p style=\"text-align: justify;\">Caros homens e mulheres corajosos<\/p>\n<div class=\"text_exposed_show\" style=\"text-align: justify;\">\n<p>Sa\u00fado a todos voc\u00eas, eu sou Maria Madalena.<\/p>\n<p>Eu estava aqui na Terra em um momento de mudan\u00e7a, numa \u00e9poca em que muitas pessoas estavam procurando uma sa\u00edda para a situa\u00e7\u00e3o restritiva.<\/p>\n<p>A Terra foi ent\u00e3o envolta em uma energia que manteve as pessoas pequenas e lhes deu uma sensa\u00e7\u00e3o de n\u00e3o ter valor. Esse v\u00e9u est\u00e1 diminuindo agora; mais luz est\u00e1 vindo de cima, e essa luz vem de suas almas que permanecem fora do v\u00e9u.<\/p>\n<p>Quando voc\u00ea encarna na Terra, voc\u00ea se despede do seu eu maior, de quem voc\u00ea realmente \u00e9. Voc\u00ea desce em um mundo com estruturas de pensamento e sentimento que n\u00e3o s\u00e3o da alma.<\/p>\n<p>Sinta de dentro de si mesmo de onde voc\u00ea vem, qu\u00e3o infinito e abrangente \u00e9 esse reino. Sinta sua energia e puxe atrav\u00e9s do v\u00e9u, porque voc\u00ea pode fazer isso. Voc\u00ea tem a capacidade de lembrar quem voc\u00ea era e ainda \u00e9, essa simplicidade e alegria completa. Voc\u00ea n\u00e3o precisa se adaptar a estruturas que n\u00e3o s\u00e3o suas; voc\u00ea pode experimentar a liberdade.<\/p>\n<p>Imagine, simbolicamente, que voc\u00ea abre as suas asas, como um p\u00e1ssaro grande ou talvez um anjo. Como s\u00e3o essas asas, que cores brilham e brilham? Sinta o poder nessas asas! Voc\u00ea pode voar e muitas vezes faz isso em sua imagina\u00e7\u00e3o.<\/p>\n<p>Voc\u00ea nem sempre est\u00e1 aqui na Terra, nessas estruturas feitas pelo homem, voc\u00ea viaja com frequ\u00eancia. Voc\u00ea \u00e9 sens\u00edvel e sente as energias que n\u00e3o se encaixam nessas estruturas mundanas.<\/p>\n<p>Voc\u00eas s\u00e3o vision\u00e1rios e videntes. Sinta por um momento o que essas palavras evocam em voc\u00ea, porque existe um velho tabu contra ser assim. No entanto, sabemos que existem duas raz\u00f5es para ver atrav\u00e9s do v\u00e9u, para olhar o que \u00e9 essencial e fala com voc\u00ea.<\/p>\n<p>A primeira raz\u00e3o pela qual voc\u00ea se sente compelido a fazer isso \u00e9 porque voc\u00ea quer se lembrar de quem voc\u00ea realmente \u00e9 nesta vida.<\/p>\n<p>Voc\u00ea n\u00e3o quer viver encoberto pelas n\u00e9voas, quer ser aut\u00eantico consigo mesmo, experimentar a verdade e dar passos decisivos em seu caminho interior como alma. Portanto, existe esse grande desejo em voc\u00ea para romper as n\u00e9voas e ir em dire\u00e7\u00e3o ao que \u00e9 da ess\u00eancia.<\/p>\n<p>A segunda raz\u00e3o pela qual voc\u00ea sente esse impulso interior \u00e9 porque voc\u00ea \u00e9 um precursor, um pioneiro na consci\u00eancia.<\/p>\n<p>Voc\u00ea tamb\u00e9m est\u00e1 aqui para dar algo aos outros, permitir que sua luz brilhe exteriormente, superar as confus\u00f5es, as dores, os medos em que a humanidade vive.<\/p>\n<p>Ainda h\u00e1 um v\u00e9u sobre a Terra e, embora esteja come\u00e7ando a ficar mais fino, pessoas poderosas como voc\u00ea, que permitem que sua luz brilhe, s\u00e3o necess\u00e1rias aqui para servir de exemplo para os outros, para que as n\u00e9voas se dissolvam.<\/p>\n<p>Isso \u00e9 o que voc\u00ea \u00e9, e como um precursor para os outros, o que suas almas queriam alcan\u00e7ar nesta vida na Terra. Voc\u00ea vive o caminho para os outros seguirem, e com isso quero dizer que voc\u00ea n\u00e3o est\u00e1 acima dos outros, mas pr\u00f3ximo aos outros.<\/p>\n<p>Voc\u00ea \u00e9 o caminho , ent\u00e3o voc\u00ea \u00e9 profundamente desafiado a remover os obst\u00e1culos em sua vida, a penetrar profundamente na ess\u00eancia da vida, e ao fazer isso, voc\u00ea tamb\u00e9m ilumina o caminho para os outros, porque voc\u00ea \u00e9 um exemplo para eles. Sinta a verdade dessas palavras por um momento e considere como elas se aplicam a voc\u00ea.<\/p>\n<p>Eu posso penetrar profundamente em voc\u00ea, porque voc\u00ea est\u00e1 aberto para aquilo que est\u00e1 do outro lado do v\u00e9u.<\/p>\n<p>Voc\u00eas s\u00e3o os portadores de luz; voc\u00eas trazem uma nova era e o que voc\u00eas chamam de canaliza\u00e7\u00e3o cria aberturas na espessa camada que cerca a Terra e que est\u00e1 cheia de pensamentos sombrios e sombrios.<\/p>\n<p>Cada vez que uma abertura ocorre, e mais luz vem fluindo, h\u00e1 mais alegria na atmosfera terrena, mais esperan\u00e7a e encorajamento. As pessoas est\u00e3o ent\u00e3o mais dispostas a olhar nos olhos de outra pessoa, segurar as m\u00e3os de outra pessoa e se reconhecer em outra, e esse \u00e9 o prop\u00f3sito da canaliza\u00e7\u00e3o.<\/p>\n<p>Voc\u00ea \u00e9 um canal terreno e cria um caminho, seguindo o caminho da auto recorda\u00e7\u00e3o. Quando voc\u00ea est\u00e1 aberto e se rende a esse caminho, energias externas de fora da atmosfera terrena v\u00eam para apoiar e fortalecer voc\u00ea.<\/p>\n<p>Essas energias, ou guias, podem apoi\u00e1-lo em seu pr\u00f3prio processo pessoal e, al\u00e9m disso, h\u00e1 energias que querem transmitir algo a outras pessoas. Ao se encontrar com os outros, sintonize-se com o fluxo que transcende suas ideias pessoais e seu intelecto, para que suas ideias possam ent\u00e3o adquirir uma forma mais universal.<\/p>\n<p>Este \u00e9 um passo muito importante para uma nova realidade. Para sentir essa conex\u00e3o com sua alma, seu eu superior, que transcende a Terra e que sobrevive ao seu corpo, \u00e9 um sinal de ser sadio na mente e mentalmente saud\u00e1vel<\/p>\n<p>No mundo da alma, que \u00e9 o seu lar natural, vivem muitos outros seres, incluindo guias e mestres, cuja miss\u00e3o sincera \u00e9 ajudar a humanidade na Terra. \u00c9, portanto, natural e belo quando voc\u00ea, em colabora\u00e7\u00e3o com tais luzes orientadoras, transmite informa\u00e7\u00e3o, calor e compaix\u00e3o na Terra.<\/p>\n<p>Mas voc\u00ea descobrir\u00e1 que uma vez que voc\u00ea d\u00ea passos neste caminho, muito medo surgir\u00e1 em voc\u00ea. A busca por sua pr\u00f3pria liberta\u00e7\u00e3o interior, seu pr\u00f3prio caminho pessoal, \u00e9 uma coisa, mas apresentar sua sabedoria e conhecimento entre outras pessoas, em rela\u00e7\u00e3o \u00e0 energia et\u00e9rea e \u00e0 transforma\u00e7\u00e3o interior, causa profundo medo e resist\u00eancia na maioria de voc\u00eas; voc\u00ea ent\u00e3o colide com as opini\u00f5es e pontos de vista contempor\u00e2neos da vida.<\/p>\n<p>H\u00e1 raz\u00f5es muito profundas para que esse trabalho energ\u00e9tico &#8211; canaliza\u00e7\u00e3o, clarissensibilidade, clarivid\u00eancia &#8211; tenha sido visto com suspeita e tenha encontrado resist\u00eancias e rejei\u00e7\u00f5es no passado.<\/p>\n<p>No presente momento, essa suspeita toma a forma de uma ci\u00eancia racional e autorit\u00e1ria que afirma ter reunido conhecimento objetivo do mundo e, portanto, rejeita o dom\u00ednio do sentimento e da intui\u00e7\u00e3o como ilus\u00f3rio e subjetivo demais.<\/p>\n<p>Mas h\u00e1 uma tens\u00e3o mais profunda na raiz dessa rejei\u00e7\u00e3o. Existe nas pessoas, e certamente nas pessoas com posi\u00e7\u00f5es de poder, um grande medo de deixar o controle. Muitas estruturas e hierarquias na Terra s\u00e3o baseadas em poder e controle, e aqueles que t\u00eam poder querem mant\u00ea-lo assim.<\/p>\n<p>Quando as pessoas come\u00e7am a pensar por si mesmas &#8211; pelo que sentem ou querem &#8211; isso significa um perigo para a ordem existente. H\u00e1 um certo apego ao poder no mundo humano, uma for\u00e7a reacion\u00e1ria que se op\u00f5e \u00e0 mudan\u00e7a.<\/p>\n<p>Voc\u00ea colide com esses poderes quando se levanta como indiv\u00edduo, quando segue seu pr\u00f3prio caminho e espalha sua mensagem no mundo. Pode n\u00e3o ser mais o caso de que na sociedade de hoje h\u00e1 um ditador, ou poder militar ou eclesi\u00e1stico que o ret\u00e9m, mas os padr\u00f5es de medo, controle e poder tornaram-se internalizados nas pessoas, de modo que voc\u00ea pode ser o destinat\u00e1rio rejei\u00e7\u00e3o pela fam\u00edlia, vizinhos, um empregador. E essa rejei\u00e7\u00e3o \u00e9 amplamente baseada no medo, do qual brota uma necessidade de controle que tenta sufocar ou dissipar essa energia emocional.<\/p>\n<p>O que voc\u00ea pode fazer com essa rejei\u00e7\u00e3o? Como voc\u00ea pode encontrar um caminho atrav\u00e9s dessa rejei\u00e7\u00e3o em sua pr\u00f3pria vida?<\/p>\n<p>Primeiro, quero que voc\u00ea perceba quem voc\u00ea \u00e9, que voc\u00ea \u00e9 um pioneiro no campo da consci\u00eancia, que voc\u00ea \u00e9 grande, corajoso e corajoso, e que voc\u00ea j\u00e1 mostrou muita resist\u00eancia a velhas energias que querem atra\u00ed-lo de volta \u00e0 sua vida. padronizar. Torne-se consciente de sua pr\u00f3pria coragem e perseveran\u00e7a.<\/p>\n<p>Mantenha-se firme em sua inspira\u00e7\u00e3o, seu desejo, e \u00e9 por isso que voc\u00ea est\u00e1 aqui e porque est\u00e1 vivendo sua vida como voc\u00ea. Ao reconhecer sua pr\u00f3pria grandeza e coragem, voc\u00ea j\u00e1 est\u00e1 dando um importante passo adiante. N\u00e3o se permita ser mudado pelos ditames da sociedade; fique por si mesmo.<\/p>\n<p>O pr\u00f3ximo passo \u00e9 sentir onde sua energia \u00e9 verdadeiramente bem-vinda, ent\u00e3o deixe-se guiar por esse sentimento. H\u00e1 muitas pessoas neste mundo que precisam do que voc\u00ea tem para dar, a \u00fanica coisa que o torna \u00fanico. Existem aberturas no campo de energia da Terra, e movimento e mudan\u00e7a no pensamento coletivo.<\/p>\n<p>Deixe-se guiar, pois n\u00e3o \u00e9 a inten\u00e7\u00e3o que voc\u00ea deve lutar contra a ordem existente, mas que voc\u00ea deve permanecer forte em seu pr\u00f3prio campo de energia, guiado pelo que \u00e9 bom e seguro para voc\u00ea; onde voc\u00ea pode prosperar e florescer, e n\u00e3o sentir mais a necessidade de se esconder. Tais possibilidades e lugares agora existem aqui na Terra; essas pessoas est\u00e3o l\u00e1.<\/p>\n<p>Use sua intui\u00e7\u00e3o e deixe de lado a velha ideia de indignidade. N\u00e3o se trata de \u201cter que fazer o seu melhor\u201d e \u201cter que provar a si mesmo\u201d, \u00e9 sobre sentir onde voc\u00ea \u00e9 bem-vindo, onde voc\u00ea n\u00e3o apenas d\u00e1 e compartilha, mas tamb\u00e9m recebe inspira\u00e7\u00e3o e abund\u00e2ncia em troca. Sinta o equil\u00edbrio!<\/p>\n<p>Por exemplo, veja-se de p\u00e9 em um campo ou em uma cidade entre as pessoas. Fique firme com seus dois p\u00e9s no ch\u00e3o; ficar ereto neste mundo.<\/p>\n<p>Sinta como voc\u00ea \u00e9 diferente e como \u00e9 certo divergir do velho, seguir um novo caminho, seguir seu cora\u00e7\u00e3o e seus sentimentos. Torne-se grande e sinta, sob seus p\u00e9s, o poder do planeta que lhe apoia.<\/p>\n<p>Quando voc\u00ea faz isso, voc\u00ea irradia sua luz sobre a Terra como uma transfer\u00eancia energ\u00e9tica, e faz isso de maneira despreocupada. N\u00e3o mais reter sua energia, seu brilho natural, \u00e9 um grande passo \u00e0 frente.<\/p>\n<p>Voc\u00ea pode investir muita energia em segurar seu pr\u00f3prio esplendor e for\u00e7a &#8211; mas agora voc\u00ea solta! Sinta quanta paz lhe d\u00e1 para n\u00e3o ter que se posicionar de todas as formas restritivas, mas apenas estar aqui e ficar de p\u00e9.<\/p>\n<p>Deixe que toda essa onda de energia se espalhe pela Terra. A Terra pode se conectar com sua alma aqui ; esse \u00e9 o seu prop\u00f3sito de vida.<\/p>\n<p>Agora quero pedir-lhe para se concentrar em que tipo de energia quer fluir atrav\u00e9s do seu cora\u00e7\u00e3o para o mundo. Sinta essa energia por um momento e tente coloc\u00e1-la cuidadosamente em palavras.<\/p>\n<p>\u00c9 uma energia de gentileza e cura, ou de clareza e determina\u00e7\u00e3o? \u00c9 mais uma energia feminina ou de energia masculina que quer fluir atrav\u00e9s de voc\u00ea? Talvez voc\u00ea tamb\u00e9m possa sentir se essa energia \u00e9 mais do que apenas a sua, ou h\u00e1 algo ou algu\u00e9m que est\u00e1 ao seu lado e fortalece esse processo?<\/p>\n<p>Aproveite essa energia, porque agora voc\u00ea se conectou com sua ess\u00eancia e com seus professores, guias ou energias com quem trabalha e que se encontram alinhados com voc\u00ea. \u00c9 uma verdadeira colabora\u00e7\u00e3o quando voc\u00ea n\u00e3o se sente \u00e0 parte deles e quando voc\u00ea sente que todos s\u00e3o uma parte essencial deste canal.<\/p>\n<p>Finalmente, gostaria de lhe perguntar: o que quer vir do mundo para voc\u00ea como uma bela e boa resposta positiva em troca do que voc\u00ea tem para dar? A energia retorna para voc\u00ea do mundo, da atmosfera da Terra e da humanidade, que fala de valida\u00e7\u00e3o, reconhecimento e gratid\u00e3o. Veja se voc\u00ea pode receber isso.<\/p>\n<p>Desta forma, voc\u00ea faz um c\u00edrculo completo. Voc\u00ea forma um canal atrav\u00e9s do sud\u00e1rio, do v\u00e9u e se exp\u00f5e completamente. Voc\u00ea percorre o caminho interior para a liberta\u00e7\u00e3o al\u00e9m do medo e depois ilumina sua luz exteriormente.<\/p>\n<p>Voc\u00ea forma um canal para os outros, toca-os com sua energia e ent\u00e3o recebe energia em troca. Voc\u00ea \u00e9 um ser humano que participa de dois mundos: o da Terra e o dos C\u00e9us onde a sua alma reside e da qual ela vem.<\/p>\n<p>Como um humano terrestre, voc\u00ea tem a necessidade de receber para que possa sentir-se bem estando aqui; receber em troca do que voc\u00ea \u00e9 e dar. Deixe de lado quaisquer ideias de indignidade e seja o centro radiante de dar e receber neste c\u00edrculo.<\/p>\n<p>Sinto-me profundamente ligado a voc\u00ea e honro sua coragem! Eu te amo muito. Muito obrigado.<\/p>\n<p>Maria Madalena<\/p>\n<p>Pamela Kribbe<\/p>\n<\/div>\n<div class='epvc-post-count'><span class='epvc-eye'><\/span>  <span class=\"epvc-count\"> 540<\/span><span class='epvc-label'> Views<\/span><\/div>","protected":false},"excerpt":{"rendered":"<p>Caros homens e mulheres corajosos Sa\u00fado a todos voc\u00eas, eu sou Maria Madalena. Eu estava aqui na Terra em um momento de mudan\u00e7a, numa \u00e9poca em que muitas pessoas estavam procurando uma sa\u00edda para a situa\u00e7\u00e3o restritiva. A Terra foi ent\u00e3o envolta em uma energia que manteve as pessoas pequenas e lhes deu uma sensa\u00e7\u00e3o [&hellip;]<\/p>\n","protected":false},"author":1,"featured_media":0,"comment_status":"open","ping_status":"open","sticky":false,"template":"","format":"standard","meta":{"footnotes":""},"categories":[7],"tags":[],"class_list":["post-15649","post","type-post","status-publish","format-standard","hentry","category-espiritualidade"],"amp_enabled":true,"_links":{"self":[{"href":"https:\/\/espacodosol.com\/blog\/index.php\/wp-json\/wp\/v2\/posts\/15649","targetHints":{"allow":["GET"]}}],"collection":[{"href":"https:\/\/espacodosol.com\/blog\/index.php\/wp-json\/wp\/v2\/posts"}],"about":[{"href":"https:\/\/espacodosol.com\/blog\/index.php\/wp-json\/wp\/v2\/types\/post"}],"author":[{"embeddable":true,"href":"https:\/\/espacodosol.com\/blog\/index.php\/wp-json\/wp\/v2\/users\/1"}],"replies":[{"embeddable":true,"href":"https:\/\/espacodosol.com\/blog\/index.php\/wp-json\/wp\/v2\/comments?post=15649"}],"version-history":[{"count":0,"href":"https:\/\/espacodosol.com\/blog\/index.php\/wp-json\/wp\/v2\/posts\/15649\/revisions"}],"wp:attachment":[{"href":"https:\/\/espacodosol.com\/blog\/index.php\/wp-json\/wp\/v2\/media?parent=15649"}],"wp:term":[{"taxonomy":"category","embeddable":true,"href":"https:\/\/espacodosol.com\/blog\/index.php\/wp-json\/wp\/v2\/categories?post=15649"},{"taxonomy":"post_tag","embeddable":true,"href":"https:\/\/espacodosol.com\/blog\/index.php\/wp-json\/wp\/v2\/tags?post=15649"}],"curies":[{"name":"wp","href":"https:\/\/api.w.org\/{rel}","templated":true}]}}