{"id":16511,"date":"2020-04-05T01:22:39","date_gmt":"2020-04-05T01:22:39","guid":{"rendered":"https:\/\/espacodosol.com\/blog.br\/?p=16511"},"modified":"2020-04-05T01:22:39","modified_gmt":"2020-04-05T01:22:39","slug":"16511-2","status":"publish","type":"post","link":"https:\/\/espacodosol.com\/blog\/index.php\/2020\/04\/05\/16511-2\/","title":{"rendered":"Mensagem de Jeshua &#8211; Jesus"},"content":{"rendered":"<p><img loading=\"lazy\" decoding=\"async\" class=\"alignnone wp-image-16512\" src=\"https:\/\/espacodosol.com\/blog.br\/wp-content\/uploads\/2020\/04\/Jeshua_Araya.jpg\" alt=\"\" width=\"452\" height=\"450\" \/><\/p>\n<p style=\"text-align: justify;\">Eu Sou Jeshua e aproxima-se a semana da P\u00e1scoa. Estou aqui para caminhar com voc\u00ea nestes \u00faltimos dias antes da transforma\u00e7\u00e3o, antes do momento em que a realidade do Amor encontra a ilus\u00e3o da mente humana e esta \u00e9 poderosamente transformada.<\/p>\n<p style=\"text-align: justify;\">A hist\u00f3ria da P\u00e1scoa \u00e9 contada em muitos n\u00edveis e tem uma mensagem para compartilhar sobre in\u00fameras coisas.<\/p>\n<p style=\"text-align: justify;\">Mas, o mais importante \u00e9 que \u00e9 uma mensagem que vai direto ao cora\u00e7\u00e3o e lhe faz lembrar do que voc\u00ea verdadeiramente \u00e9 o poder do Amor que vive no seu interior.<\/p>\n<p style=\"text-align: justify;\">Pois a ressurrei\u00e7\u00e3o n\u00e3o \u00e9 tanto uma hist\u00f3ria a respeito da transforma\u00e7\u00e3o do corpo; \u00e9 muito mais uma hist\u00f3ria do poder do Amor.<\/p>\n<p style=\"text-align: justify;\">O cora\u00e7\u00e3o entende isto profundamente. Ele j\u00e1 sabe que voc\u00ea est\u00e1 pronto para assumir esta hist\u00f3ria como sua; para penetrar os fogos da transforma\u00e7\u00e3o, de modo a poder emergir como o cora\u00e7\u00e3o glorioso da liberdade que voc\u00ea realmente \u00e9.<\/p>\n<p style=\"text-align: justify;\">Enquanto o tomo pela m\u00e3o, vamos caminhar alegremente atrav\u00e9s das ideias e hist\u00f3rias da Sexta-Feira Santa, atrav\u00e9s dos pensamentos de sofrimento, solid\u00e3o, trai\u00e7\u00e3o ou ang\u00fastia. E vamos seguir sem esfor\u00e7o at\u00e9 a gloriosa culmina\u00e7\u00e3o da P\u00e1scoa em si, que \u00e9 a mudan\u00e7a para a verdade do Amor e a Realidade do cora\u00e7\u00e3o. Pois, meu amado amigo, n\u00e3o h\u00e1 nada mais importante ou Real do que isto.<\/p>\n<p style=\"text-align: justify;\">O Amor \u00e9 a \u00fanica verdade de Deus. E o Amor transforma com facilidade o mundo do ego, transforma as hist\u00f3rias de sofrimento na verdade da alegre unidade e maravilhoso poder do Amor.<\/p>\n<p style=\"text-align: justify;\">Esta \u00e9 a hist\u00f3ria da lembran\u00e7a que o cora\u00e7\u00e3o tem de si mesmo; \u00e9 o reconhecimento de que voc\u00ea \u00e9 o maior poder em toda a cria\u00e7\u00e3o; e que, assim que fizer essa mudan\u00e7a de foco, o mundo que se apresentar\u00e1 \u00e0 sua vis\u00e3o ser\u00e1 completamente diferente do mundo que tem sido pintado para voc\u00ea ver, pelo sonho consensual das mentes humanas.<\/p>\n<p style=\"text-align: justify;\">Voc\u00ea vem trilhando este caminho comigo h\u00e1 tanto tempo!<\/p>\n<p style=\"text-align: justify;\">Seu cora\u00e7\u00e3o j\u00e1 conhece o final.<\/p>\n<p style=\"text-align: justify;\">Voc\u00ea \u00e9 o reconhecimento do universo de que o Amor \u00e9 tudo. E voc\u00ea est\u00e1 vivendo aqui para se tornar esta pr\u00f3pria afirma\u00e7\u00e3o\u2026 Que o mundo que voc\u00ea v\u00ea com os dois olhos da mente do ego n\u00e3o \u00e9 o mundo que voc\u00ea enxerga com seu cora\u00e7\u00e3o. E voc\u00ea est\u00e1 pronto \u2013 voc\u00ea conhece a diferen\u00e7a. Voc\u00ea est\u00e1 disposto a tomar minha m\u00e3o e tornar-se a Ressurrei\u00e7\u00e3o.<\/p>\n<p style=\"text-align: justify;\">Voc\u00ea \u00e9 profundamente aben\u00e7oado. Pois at\u00e9 mesmo reconhecer o que est\u00e1 por tr\u00e1s da hist\u00f3ria da Sexta-Feira da Paix\u00e3o \u00e9 algo poderoso, importante e necess\u00e1rio para levar os cora\u00e7\u00f5es da humanidade a se alinharem com a verdade do Amor.<\/p>\n<p style=\"text-align: justify;\">Quando entra na Realidade do Amor, o que voc\u00ea v\u00ea com seu cora\u00e7\u00e3o \u00e9 uma experi\u00eancia bel\u00edssima; um todo coeso de alegria e crescimento, que se desdobra constantemente em maravilhas e experi\u00eancias de paz profunda e permanente.<\/p>\n<p style=\"text-align: justify;\">Minha experi\u00eancia de transforma\u00e7\u00e3o foi f\u00e1cil, porque eu j\u00e1 conhecia profundamente a verdade do cora\u00e7\u00e3o. Eu conseguia enxergar com os olhos do Amor puro e olhar atrav\u00e9s da dualidade da mente do ego. \u00c9 por isto que, em minha presen\u00e7a, houve curas, porque era apenas a verdade do cora\u00e7\u00e3o que aparecia na minha presen\u00e7a.<\/p>\n<p style=\"text-align: justify;\">E aqueles que conseguiram dizer \u201csim\u201d para isto nunca voltaram atr\u00e1s, pois abandonaram as hist\u00f3rias que se relacionavam com tudo que n\u00e3o fosse a perfei\u00e7\u00e3o de Deus. Isto tamb\u00e9m foi verdadeiro no dia da P\u00e1scoa, quando me tornei o portal, o s\u00edmbolo da lembran\u00e7a do poder do Amor e da verdade do cora\u00e7\u00e3o.<\/p>\n<p style=\"text-align: justify;\">A P\u00e1scoa certamente \u00e9 um argumento que deixa para tr\u00e1s os conceitos de morte.<\/p>\n<p style=\"text-align: justify;\">Mas, muito mais do que isto, \u00e9 a volta e aceita\u00e7\u00e3o da Realidade do Amor.<\/p>\n<p style=\"text-align: justify;\">Pois, no momento em que o cora\u00e7\u00e3o \u00e9 o instrumento atrav\u00e9s do qual voc\u00ea vive e atrav\u00e9s do qual voc\u00ea enxerga o mundo, tudo o que \u00e9 menos do que Amor deixa de aparecer. E voc\u00ea se transforma, como eu me transformei, num s\u00edmbolo da Realidade e poder do Amor e da capacidade do cora\u00e7\u00e3o de torn\u00e1-la vis\u00edvel.<\/p>\n<p style=\"text-align: justify;\">Ent\u00e3o permita que este momento, em que a P\u00e1scoa se aproxima, seja um tempo para renovar sua experi\u00eancia do Amor. Levante-se, deixe-me tomar sua m\u00e3o, deixe-me mostrar-lhe porque eu nunca tive medo. Porque cada um dos meus passos foi dado sob a perspectiva do cora\u00e7\u00e3o, na qual o caminho \u00e0 minha frente era puro e perfeito; na qual cada experi\u00eancia era orquestrada pelo Amor, e onde a cada instante eu conhecia a comunh\u00e3o com Deus.<\/p>\n<p style=\"text-align: justify;\">A alegria jorrava das profundezas do meu ser, daquele ponto onde o Amor se torna a experi\u00eancia do mundo. E no momento em que estava na cruz, eu fiz a conex\u00e3o com todos os preciosos e maravilhosos seres humanos \u2013 todos! \u2013 para elev\u00e1-los acima da vis\u00e3o da dualidade; para abrir um caminho para a verdade do Amor \u2013 vis\u00edvel e infal\u00edvel; para ser a prova de que o Amor \u00e9 o \u00fanico poder verdadeiro; e que mesmo as ideias sobre corpo e morte n\u00e3o conseguem se manter diante da verdade do cora\u00e7\u00e3o.<\/p>\n<p style=\"text-align: justify;\">Eu criei uma ponte para toda a humanidade fazer esta mudan\u00e7a para a Realidade do Amor.<\/p>\n<p style=\"text-align: justify;\">E a partir daquele instante, passo a passo, esta ponte vem sendo usada com grande vantagem.<\/p>\n<p style=\"text-align: justify;\">E em tudo ao seu redor, voc\u00ea pode ver e sentir o resultado, ao atingir este momento decisivo, no qual a abertura dos cora\u00e7\u00f5es ultrapassa de longe as cren\u00e7as da mente e do ego; onde se chegou num ponto do qual n\u00e3o h\u00e1 mais volta; onde a luz est\u00e1 despontando; onde o Amor chegou para viver em todos n\u00f3s, para estar presente, para ser valorizado, para ser vivenciado como vida na Terra.<\/p>\n<p style=\"text-align: justify;\">Este limiar foi cruzado este ano. E eu estou aqui para ajudar na revela\u00e7\u00e3o do que significa lembrar da verdade do Amor; fazer a mudan\u00e7a para o cora\u00e7\u00e3o, ser a transforma\u00e7\u00e3o, ser o reconhecimento desta porta aberta do Amor que \u00e9 o cora\u00e7\u00e3o compartilhado da humanidade \u2013 vivo e aben\u00e7oado, real e ativado para esta P\u00e1scoa e esta celebra\u00e7\u00e3o do poder do Amor.<\/p>\n<p style=\"text-align: justify;\">Ent\u00e3o, meu amigo, venha e tome minha m\u00e3o.<\/p>\n<p style=\"text-align: justify;\">No momento em que me sentir, saber\u00e1 que voc\u00ea \u00e9 o milagre; voc\u00ea \u00e9 o pr\u00f3prio fogo da cria\u00e7\u00e3o resplandecendo na lembran\u00e7a da gl\u00f3ria do Amor. E para todo lado que olhar agora com a vis\u00e3o do cora\u00e7\u00e3o, voc\u00ea ouvir\u00e1 e sentir\u00e1 este reconhecimento.<\/p>\n<p style=\"text-align: justify;\">O mundo \u00e9 o coro cantando \u201csim\u201d. Toda inspira\u00e7\u00e3o que voc\u00ea toma \u00e9 respirada em gratid\u00e3o. E cada batida do seu cora\u00e7\u00e3o \u00e9 comunh\u00e3o com o Criador. Voc\u00ea est\u00e1 consciente de que o Amor \u00e9 tudo e que voc\u00ea \u00e9 o Amor que se fez vis\u00edvel.<\/p>\n<p style=\"text-align: justify;\">Eu Sou mais do que seu amigo.<\/p>\n<p style=\"text-align: justify;\">Eu Sou o exemplo resplandecente do que vive dentro de voc\u00ea.<\/p>\n<p style=\"text-align: justify;\">Eu Sou o reflexo da sua capacidade de reivindicar a verdade do seu cora\u00e7\u00e3o e depois viv\u00ea-la.<\/p>\n<p style=\"text-align: justify;\">Estou aqui para ser o cora\u00e7\u00e3o que agora o abarca, que traz voc\u00ea para a vibra\u00e7\u00e3o do Amor e n\u00e3o vai deixar voc\u00ea ir embora.<\/p>\n<p style=\"text-align: justify;\">Ao dizer \u201csim\u201d para o cumprimento do seu prop\u00f3sito como Amor, ver\u00e1 que, em toda sua volta, cora\u00e7\u00f5es se abrem, vidas s\u00e3o transformadas, e a verdade do Amor se faz mais vis\u00edvel a cada momento, como sendo o mundo no qual vivemos.<\/p>\n<p style=\"text-align: justify;\">E eu certamente vivo aqui tamb\u00e9m. N\u00e3o no sentido f\u00edsico, mas estou profundamente entrela\u00e7ado com o seu cora\u00e7\u00e3o, meu amado amigo. E voc\u00ea me conhece t\u00e3o profundamente, numa comunh\u00e3o t\u00e3o bela, que a simples pron\u00fancia do meu nome faz voc\u00ea ressoar com alegria, e o ajuda a celebrar o potencial de todo cora\u00e7\u00e3o que est\u00e1 despertando na recorda\u00e7\u00e3o da verdade e poder do Amor.<\/p>\n<p style=\"text-align: justify;\">Nesta P\u00e1scoa estamos celebrando um milagre.<\/p>\n<p style=\"text-align: justify;\">\u00c9 a mudan\u00e7a decisiva.<\/p>\n<p style=\"text-align: justify;\">\u00c9 a concretiza\u00e7\u00e3o da escolha do Amor.<\/p>\n<p style=\"text-align: justify;\">E, independentemente da vis\u00e3o da mente do ego, independentemente do enredo do sonho consensual da humanidade, aquela ponte criada no espa\u00e7o atemporal da P\u00e1scoa est\u00e1 se mantendo firme e est\u00e1 cheia de cora\u00e7\u00f5es dizendo \u201csim\u201d, criando um campo estelar de luz infinita, que agora resplandece atrav\u00e9s do mundo, criando uma nova plataforma para a vida; tornando-se o reconhecimento de Deus, o Criador, vivendo aqui como plenitude do Amor; e a conscientiza\u00e7\u00e3o atrav\u00e9s do sucesso da escolha pela transforma\u00e7\u00e3o das velhas cren\u00e7as no que n\u00e3o era Amor para a verdade gloriosa do ilimitado cora\u00e7\u00e3o de Deus que n\u00f3s compartilhamos.<\/p>\n<p style=\"text-align: justify;\">Voc\u00ea pode sentir-me. Estou com voc\u00ea muito fortemente. E estou lhe mostrando a alegria que a P\u00e1scoa \u00e9; a alegria que me preencheu na Sexta-Feira Santa, a despeito do que o corpo e a mente pareciam estar vivenciando. Porque a vis\u00e3o do cora\u00e7\u00e3o nunca vacilou; meus olhos estavam no Amor e em nada mais.<\/p>\n<p style=\"text-align: justify;\">E, embora tenha sido um tanto chocante conectar-me t\u00e3o profundamente com as experi\u00eancias da humanidade, no sonho humano da dualidade que vivenciei na cruz, num instante eu me tornei a Exalta\u00e7\u00e3o; as linhas de luz criando uma matriz de novas possibilidades para cada hist\u00f3ria de ser menos que Deus, criando um novo tecido da Realidade na hist\u00f3ria da vida na Terra. E essa cria\u00e7\u00e3o se realiza aqui e agora.<\/p>\n<p style=\"text-align: justify;\">Que esta P\u00e1scoa marque o in\u00edcio da gloriosa transforma\u00e7\u00e3o da vida na Terra; a lembran\u00e7a da verdade de que s\u00f3 existe Amor; a recupera\u00e7\u00e3o da capacidade inata de ver Deus, de estar vivo nesta comunh\u00e3o de Amor, de fazer parte da conversa viva do cora\u00e7\u00e3o, de reconhecer o divino que vive em voc\u00ea aqui.<\/p>\n<p style=\"text-align: justify;\">Que cada preciosa corrente de vida possa celebrar agora a verdade e cantar junto a can\u00e7\u00e3o do Amor que se desdobra e se transforma na beleza do mundo natural; que se torna a celebra\u00e7\u00e3o dos recursos do Amor; que se torna o retrato do sucesso Real; a realiza\u00e7\u00e3o do destino que voc\u00ea veio cumprir; a concretiza\u00e7\u00e3o da afirma\u00e7\u00e3o, \u201cEu Sou a Luz\u201d; e a capacidade de usar o instrumento do magn\u00edfico cora\u00e7\u00e3o aberto para ser a transforma\u00e7\u00e3o viva de cada enredo, cada cren\u00e7a no que n\u00e3o \u00e9 Amor, na experi\u00eancia da verdade de que s\u00f3 o Amor \u00e9 Real, e voc\u00ea \u00e9 a express\u00e3o do Amor neste mundo e do Amor em forma de mundo.<\/p>\n<p style=\"text-align: justify;\">Estou aqui para ajud\u00e1-lo a abordar a hist\u00f3ria da Sexta-Feira Santa de um modo diferente agora; a enxerg\u00e1-la atrav\u00e9s do olho \u00fanico do cora\u00e7\u00e3o; a compreender qu\u00e3o profundamente eu me alegrei com o meu destino, e o poder guardado em mim e Maria Madalena como as for\u00e7as da cria\u00e7\u00e3o no mundo, trazendo a Exalta\u00e7\u00e3o do Amor para toda a humanidade.<\/p>\n<p style=\"text-align: justify;\">Assim, cada momento da Paix\u00e3o foi preenchido com prop\u00f3sito; cada simples momento foi preenchido com s\u00edmbolos poderosos; cada um deles expressado, cada um deles escolhido pelo cora\u00e7\u00e3o por sua mensagem e verdade.<\/p>\n<p style=\"text-align: justify;\">E o poder dessa resson\u00e2ncia pulsou atrav\u00e9s de mim \u2013 atrav\u00e9s daquele tempo \u2013 e tudo se preencheu de luz. Mesmo aqueles momentos em que eu parecia desolado, mesmo naqueles momentos, meu cora\u00e7\u00e3o sentiu o holograma, sentiu tudo que estava inclu\u00eddo naquele momento, e meu cora\u00e7\u00e3o se alegrou.<\/p>\n<p style=\"text-align: justify;\">Voc\u00ea est\u00e1 se movendo para o tempo da consci\u00eancia plena. E embora, atrav\u00e9s da percep\u00e7\u00e3o da mente, possa parecer que isto demora a se manifestar, atrav\u00e9s do cora\u00e7\u00e3o voc\u00ea j\u00e1 atravessou o portal. A perfei\u00e7\u00e3o do Amor est\u00e1 se desdobrando agora no mundo \u2013 e em forma de mundo.<\/p>\n<p style=\"text-align: justify;\">\u00c9 muito importante fazer a mudan\u00e7a para o cora\u00e7\u00e3o, deixar que esta P\u00e1scoa seja o seu momento de transforma\u00e7\u00e3o. Pois a verdade do Amor muda a vibra\u00e7\u00e3o de toda experi\u00eancia instantaneamente.<\/p>\n<p style=\"text-align: justify;\">Ela muda a sua percep\u00e7\u00e3o para a unidade do Amor; ela transforma o subconsciente em esp\u00edrito, de modo que tudo o que se torne manifesto seja o desdobramento da verdade do seu cora\u00e7\u00e3o. Ela supera e substitui facilmente a hist\u00f3ria da dualidade, a cren\u00e7a numa personalidade que vivenciou muitas coisas que foram menos que Amor.<\/p>\n<p style=\"text-align: justify;\">E, uma vez que isto tenha sido elevado \u00e0 vibra\u00e7\u00e3o do cora\u00e7\u00e3o, tudo o que for ent\u00e3o criado ser\u00e1 a express\u00e3o de Deus celebrando a beleza da humanidade e tornando-se o magn\u00edfico cora\u00e7\u00e3o aberto do Amor Real vivenciado como vida na Terra.<\/p>\n<p style=\"text-align: justify;\">Ent\u00e3o, trilhemos juntos este caminho. Sejamos a express\u00e3o do cora\u00e7\u00e3o de apenas Amor. Celebremos o poder que a P\u00e1scoa carrega e saiba que eu estou com voc\u00ea a cada passo enquanto voc\u00ea vive o desdobramento do Amor com todo o mundo.<\/p>\n<p style=\"text-align: justify;\">#Yael e Doug Powell<\/p>\n<p style=\"text-align: justify;\">\u27a4 Tradu\u00e7\u00e3o autom\u00e1tica ativada<\/p>\n<p style=\"text-align: justify;\">\u2771\u2771 Fam\u00edlia \u2022AarayA<\/p>\n<div class='epvc-post-count'><span class='epvc-eye'><\/span>  <span class=\"epvc-count\"> 409<\/span><span class='epvc-label'> Views<\/span><\/div>","protected":false},"excerpt":{"rendered":"<p>Eu Sou Jeshua e aproxima-se a semana da P\u00e1scoa. Estou aqui para caminhar com voc\u00ea nestes \u00faltimos dias antes da transforma\u00e7\u00e3o, antes do momento em que a realidade do Amor encontra a ilus\u00e3o da mente humana e esta \u00e9 poderosamente transformada. A hist\u00f3ria da P\u00e1scoa \u00e9 contada em muitos n\u00edveis e tem uma mensagem para [&hellip;]<\/p>\n","protected":false},"author":1,"featured_media":0,"comment_status":"open","ping_status":"open","sticky":false,"template":"","format":"standard","meta":{"footnotes":""},"categories":[7],"tags":[],"class_list":["post-16511","post","type-post","status-publish","format-standard","hentry","category-espiritualidade"],"amp_enabled":true,"_links":{"self":[{"href":"https:\/\/espacodosol.com\/blog\/index.php\/wp-json\/wp\/v2\/posts\/16511","targetHints":{"allow":["GET"]}}],"collection":[{"href":"https:\/\/espacodosol.com\/blog\/index.php\/wp-json\/wp\/v2\/posts"}],"about":[{"href":"https:\/\/espacodosol.com\/blog\/index.php\/wp-json\/wp\/v2\/types\/post"}],"author":[{"embeddable":true,"href":"https:\/\/espacodosol.com\/blog\/index.php\/wp-json\/wp\/v2\/users\/1"}],"replies":[{"embeddable":true,"href":"https:\/\/espacodosol.com\/blog\/index.php\/wp-json\/wp\/v2\/comments?post=16511"}],"version-history":[{"count":0,"href":"https:\/\/espacodosol.com\/blog\/index.php\/wp-json\/wp\/v2\/posts\/16511\/revisions"}],"wp:attachment":[{"href":"https:\/\/espacodosol.com\/blog\/index.php\/wp-json\/wp\/v2\/media?parent=16511"}],"wp:term":[{"taxonomy":"category","embeddable":true,"href":"https:\/\/espacodosol.com\/blog\/index.php\/wp-json\/wp\/v2\/categories?post=16511"},{"taxonomy":"post_tag","embeddable":true,"href":"https:\/\/espacodosol.com\/blog\/index.php\/wp-json\/wp\/v2\/tags?post=16511"}],"curies":[{"name":"wp","href":"https:\/\/api.w.org\/{rel}","templated":true}]}}