{"id":16520,"date":"2020-04-08T02:34:44","date_gmt":"2020-04-08T02:34:44","guid":{"rendered":"https:\/\/espacodosol.com\/blog.br\/?p=16520"},"modified":"2020-04-08T02:34:44","modified_gmt":"2020-04-08T02:34:44","slug":"previsao-energia-abril-2020","status":"publish","type":"post","link":"https:\/\/espacodosol.com\/blog\/index.php\/2020\/04\/08\/previsao-energia-abril-2020\/","title":{"rendered":"Previs\u00e3o energia Abril\/2020"},"content":{"rendered":"<p style=\"text-align: justify;\"><img loading=\"lazy\" decoding=\"async\" class=\"alignnone size-full wp-image-16521\" src=\"https:\/\/espacodosol.com\/blog.br\/wp-content\/uploads\/2020\/04\/abril2020.jpg\" alt=\"\" width=\"600\" height=\"312\" \/><\/p>\n<p style=\"text-align: justify;\">Revis\u00e3o Mar\u00e7o<\/p>\n<p style=\"text-align: justify;\">O m\u00eas de Mar\u00e7o (Liberdade) trouxe um pouco de caos que nos reorientou a lidar mais diretamente com o medo.<\/p>\n<p style=\"text-align: justify;\">N\u00e3o h\u00e1 nada mais fundamental para mudar para mais liberdade do que a libera\u00e7\u00e3o e a integra\u00e7\u00e3o do medo, que geralmente ocorrem em segundo plano at\u00e9 que esteja na vanguarda.<\/p>\n<p style=\"text-align: justify;\">Um grande tempo est\u00e1 \u00e0 frente.<\/p>\n<p style=\"text-align: justify;\">N\u00e3o \u00e9 f\u00e1cil se concentrar em potenciais ben\u00e9ficos, pois muitos est\u00e3o sofrendo.<\/p>\n<p style=\"text-align: justify;\">Esta pode ser uma p\u00edlula dif\u00edcil de engolir para alguns, pois pode provocar raiva por algu\u00e9m ousar se concentrar em uma resolu\u00e7\u00e3o positiva para uma situa\u00e7\u00e3o terr\u00edvel.<\/p>\n<p style=\"text-align: justify;\">\u00c0s vezes, \u00e9 o contr\u00e1rio &#8211; que n\u00e3o \u00e9 espiritual o suficiente para evitar o v\u00edrus ou permanecer positivo no meio do sofrimento.<\/p>\n<p style=\"text-align: justify;\">Nada poderia estar mais longe da verdade, mas a verdade \u00e9 invis\u00edvel porque \u00e9 interna.<\/p>\n<p style=\"text-align: justify;\">Deixe sua experi\u00eancia ser sua, pois ela oferece crescimento e clareza.<\/p>\n<p style=\"text-align: justify;\">Manter o foco durante uma crise global \u00e9 um alvo em movimento.<\/p>\n<p style=\"text-align: justify;\">Seja gentil consigo mesmo e honre seus sentimentos.<\/p>\n<p style=\"text-align: justify;\">Para os sens\u00edveis, voc\u00ea est\u00e1 aprendendo a se fortalecer para que sua compaix\u00e3o possa fluir com amor fortalecido por todos, inclusive por si mesmo. Esse \u00e9 sempre um trabalho em andamento para mim&#8230;<\/p>\n<p style=\"text-align: justify;\">H\u00e1 uma profunda transforma\u00e7\u00e3o ocorrendo. O fluxo natural da vida \u00e9 uma melhoria, mesmo que a jornada n\u00e3o seja f\u00e1cil ou o resultado final seja desconhecido.<\/p>\n<p style=\"text-align: justify;\">Com esse v\u00edrus global, estou ciente da dor e do medo que est\u00e3o surgindo. No entanto, tamb\u00e9m estou ciente da poderosa compaix\u00e3o, bondade e apoio que est\u00e3o ocorrendo.<\/p>\n<p style=\"text-align: justify;\">\u00c0 medida que Mar\u00e7o nos chama a fortalecer nosso reino interno, a fim de nos conectarmos com o amor externo, atrav\u00e9s do amor empoderado, estamos sendo ajudados a manter nosso foco poderoso.<\/p>\n<p style=\"text-align: justify;\">O que nos leva \u00e0s energias de Abril.<\/p>\n<p style=\"text-align: justify;\">AS ENERGIAS DE ABRIL<\/p>\n<p style=\"text-align: justify;\">Recebi as energias de Abril como o \u201cSolo Sagrado\u201d, \u00e0 medida que ancoramos mais a nossa divindade em uma conex\u00e3o consciente com nossa humanidade.<\/p>\n<p style=\"text-align: justify;\">Eu apenas tive um erro de digita\u00e7\u00e3o a\u00ed de &#8220;halo&#8221; (agora corrigido), o que me lembra do coronav\u00edrus ter esse nome por causa do halo ao seu redor.<\/p>\n<p style=\"text-align: justify;\">Do contexto religioso da arte mostrava seres com aur\u00e9olas (como Jesus ou anjos), que representavam os chacras abertos que criavam um brilho ao redor da cabe\u00e7a.<\/p>\n<p style=\"text-align: justify;\">Um aspecto que o coronav\u00edrus est\u00e1 catalisando \u00e9 a libera\u00e7\u00e3o de implantes da cren\u00e7a do medo que s\u00e3o mantidos principalmente na cabe\u00e7a.<\/p>\n<p style=\"text-align: justify;\">Estamos integrando uma nova camada de nossa divindade \u00e0 medida que somos impulsionados e puxados para focar de uma nova maneira.<\/p>\n<p style=\"text-align: justify;\">O distanciamento e o isolamento para retardar a propaga\u00e7\u00e3o do v\u00edrus est\u00e3o nos levando a lidar mais diretamente com nossa fam\u00edlia, com n\u00f3s mesmos, fazendo com que nos conectemos de novas maneiras e certamente lidemos com nossas emo\u00e7\u00f5es e pensamentos.<\/p>\n<p style=\"text-align: justify;\">Isso pode criar uma elimina\u00e7\u00e3o da disc\u00f3rdia que permite que sua estrutura energ\u00e9tica forme uma nova base.<\/p>\n<p style=\"text-align: justify;\">Isto semeia um novo potencial.<\/p>\n<p style=\"text-align: justify;\">Esse potencial \u00e9 mais a sua divindade ancorada e conscientemente direcionada \u00e0 sua experi\u00eancia humana.<\/p>\n<p style=\"text-align: justify;\">O solo sagrado est\u00e1 &#8220;ancorando&#8221; seu eu divino de maneira mais consciente, direta e acessivelmente no seu eu humano.<\/p>\n<p style=\"text-align: justify;\">Quando ancoramos, estamos em nosso corpo completamente.<\/p>\n<p style=\"text-align: justify;\">Presentes, focados, conscientes, abertos, fortes, capazes.<\/p>\n<p style=\"text-align: justify;\">Caso contr\u00e1rio, a sobrecarga eletromagn\u00e9tica (pensamentos e emo\u00e7\u00f5es) diminui o sistema.<\/p>\n<p style=\"text-align: justify;\">Cada um de n\u00f3s \u00e9 sagrado, como \u00e9 toda a vida.<\/p>\n<p style=\"text-align: justify;\">Para honrar nossa divindade e permitir que ela se ancore mais diretamente em nossa experi\u00eancia, lidamos com qualquer coisa que a iniba, como o medo.<\/p>\n<p style=\"text-align: justify;\">Ampliamos qualquer coisa que a apoie, como a criatividade e amor.<\/p>\n<p style=\"text-align: justify;\">Estamos em uma experi\u00eancia que est\u00e1 trazendo mais clareza \u00e0 nossa estrutura energ\u00e9tica e nos oferecendo a oportunidade de nos fortalecer, para que possamos manter o poder da frequ\u00eancia mais elevada do nosso vasto e invis\u00edvel Amor.<\/p>\n<p style=\"text-align: justify;\">Voc\u00ea pode notar mais ondas de energia, especialmente na cabe\u00e7a.<\/p>\n<p style=\"text-align: justify;\">Voc\u00ea pode notar mais purifica\u00e7\u00e3o emocional (voc\u00ea pode sentir o coletivo?) ao refinarmos o que nossos cora\u00e7\u00f5es querem?<\/p>\n<p style=\"text-align: justify;\">Voc\u00ea est\u00e1 direcionando sua corrente de amor a fluir com mais for\u00e7a ao lidar com o que \u00e9, com tanta gra\u00e7a quanto poss\u00edvel.<\/p>\n<p style=\"text-align: justify;\">Honre a sua humanidade com a incondicionalidade de sua divindade.<\/p>\n<p style=\"text-align: justify;\">Honre sua divindade compreendendo a sua humanidade que pode parecer t\u00e3o impotente com a vastid\u00e3o do medo e do controle predominantes.<\/p>\n<p style=\"text-align: justify;\">Honre sua divindade acolhendo a sua humanidade que n\u00e3o abrir\u00e1 m\u00e3o da esperan\u00e7a para a humanidade. Honre a sua divindade que sabe que a vida continua a cham\u00e1-lo para um amor mais empoderado.<\/p>\n<p style=\"text-align: justify;\">\u00c9 quem, o que e por que voc\u00ea \u00e9.<\/p>\n<p style=\"text-align: justify;\">Como voc\u00ea sempre foi.<\/p>\n<p style=\"text-align: justify;\">Voc\u00ea \u00e9 sagrado, voc\u00ea \u00e9 divino.<\/p>\n<p style=\"text-align: justify;\">Voc\u00ea \u00e9 o solo sagrado que permite ao amor encarnar na forma humana.<\/p>\n<p style=\"text-align: justify;\"><a href=\"https:\/\/lecocq.files.wordpress.com\/2018\/07\/91125-familia2bdo2bcora25c3258725c32583o.jpg\" target=\"_blank\" rel=\"nofollow noopener noreferrer\"><i>Compartilhe com \u00c9tica mantendo todos os cr\u00e9ditos<\/i><br \/>\n<i>Formata\u00e7\u00e3o &#8211; DE CORA\u00c7\u00c3O A CORA\u00c7\u00c3O<\/i><br \/>\n<\/a><a href=\"https:\/\/www.decoracaoacoracao.blog.br\/\" rel=\"nofollow\"><i>https:\/\/www.decoracaoacoracao.blog.br\/<\/i><\/a><a href=\"https:\/\/lecocq.files.wordpress.com\/2018\/07\/91125-familia2bdo2bcora25c3258725c32583o.jpg\" target=\"_blank\" rel=\"nofollow noopener noreferrer\"><br \/>\n<\/a><a href=\"https:\/\/lecocq.wordpress.com\/\" rel=\"nofollow\"><i>https:\/\/lecocq.wordpress.com<\/i><\/a><a href=\"https:\/\/lecocq.files.wordpress.com\/2018\/07\/91125-familia2bdo2bcora25c3258725c32583o.jpg\" target=\"_blank\" rel=\"nofollow noopener noreferrer\"><br \/>\n<i>Instagram &#8211; @blogdecoracaoacoracao<\/i><\/a><\/p>\n<div class='epvc-post-count'><span class='epvc-eye'><\/span>  <span class=\"epvc-count\"> 474<\/span><span class='epvc-label'> Views<\/span><\/div>","protected":false},"excerpt":{"rendered":"<p>Revis\u00e3o Mar\u00e7o O m\u00eas de Mar\u00e7o (Liberdade) trouxe um pouco de caos que nos reorientou a lidar mais diretamente com o medo. N\u00e3o h\u00e1 nada mais fundamental para mudar para mais liberdade do que a libera\u00e7\u00e3o e a integra\u00e7\u00e3o do medo, que geralmente ocorrem em segundo plano at\u00e9 que esteja na vanguarda. Um grande tempo [&hellip;]<\/p>\n","protected":false},"author":1,"featured_media":0,"comment_status":"open","ping_status":"open","sticky":false,"template":"","format":"standard","meta":{"footnotes":""},"categories":[3],"tags":[],"class_list":["post-16520","post","type-post","status-publish","format-standard","hentry","category-uncategorized"],"amp_enabled":true,"_links":{"self":[{"href":"https:\/\/espacodosol.com\/blog\/index.php\/wp-json\/wp\/v2\/posts\/16520","targetHints":{"allow":["GET"]}}],"collection":[{"href":"https:\/\/espacodosol.com\/blog\/index.php\/wp-json\/wp\/v2\/posts"}],"about":[{"href":"https:\/\/espacodosol.com\/blog\/index.php\/wp-json\/wp\/v2\/types\/post"}],"author":[{"embeddable":true,"href":"https:\/\/espacodosol.com\/blog\/index.php\/wp-json\/wp\/v2\/users\/1"}],"replies":[{"embeddable":true,"href":"https:\/\/espacodosol.com\/blog\/index.php\/wp-json\/wp\/v2\/comments?post=16520"}],"version-history":[{"count":0,"href":"https:\/\/espacodosol.com\/blog\/index.php\/wp-json\/wp\/v2\/posts\/16520\/revisions"}],"wp:attachment":[{"href":"https:\/\/espacodosol.com\/blog\/index.php\/wp-json\/wp\/v2\/media?parent=16520"}],"wp:term":[{"taxonomy":"category","embeddable":true,"href":"https:\/\/espacodosol.com\/blog\/index.php\/wp-json\/wp\/v2\/categories?post=16520"},{"taxonomy":"post_tag","embeddable":true,"href":"https:\/\/espacodosol.com\/blog\/index.php\/wp-json\/wp\/v2\/tags?post=16520"}],"curies":[{"name":"wp","href":"https:\/\/api.w.org\/{rel}","templated":true}]}}