{"id":16523,"date":"2020-04-10T02:27:03","date_gmt":"2020-04-10T02:27:03","guid":{"rendered":"https:\/\/espacodosol.com\/blog.br\/?p=16523"},"modified":"2020-04-10T02:27:03","modified_gmt":"2020-04-10T02:27:03","slug":"mensagem-do-conselho-de-anciaos-do-planeta-heteroscaphos","status":"publish","type":"post","link":"https:\/\/espacodosol.com\/blog\/index.php\/2020\/04\/10\/mensagem-do-conselho-de-anciaos-do-planeta-heteroscaphos\/","title":{"rendered":"Mensagem do Conselho de Anci\u00e3os do Planeta Heteroscaphos"},"content":{"rendered":"<p><img loading=\"lazy\" decoding=\"async\" class=\"alignnone size-full wp-image-16524\" src=\"https:\/\/espacodosol.com\/blog.br\/wp-content\/uploads\/2020\/04\/heteroscaphos.jpg\" alt=\"\" width=\"1280\" height=\"800\" \/><\/p>\n<p style=\"text-align: justify;\">Ol\u00e1, nossos amados terr\u00e1queos!<\/p>\n<p style=\"text-align: justify;\">Hoje decidimos falar sobre o nosso planeta, que est\u00e1 em outra gal\u00e1xia e sobre o qual at\u00e9 agora voc\u00ea n\u00e3o sabe nada.<\/p>\n<p style=\"text-align: justify;\">Este planeta \u00e9 chamado Heteroscaphos e est\u00e1 localizado na oitava dimens\u00e3o.<\/p>\n<p style=\"text-align: justify;\">Nosso planeta \u00e9 \u00fanico, porque n\u00e3o apenas as almas vivem nele, mas tamb\u00e9m as almas maternas, que s\u00e3o a ess\u00eancia divina de todos os seres vivos do Universo.<\/p>\n<p style=\"text-align: justify;\">Mas essas s\u00e3o almas maternas, n\u00e3o de pessoas comuns, mas de almas muito, muito antigas, que uma vez encarnaram na Terra e em outros planetas como mensageiros de Deus e que deram uma enorme contribui\u00e7\u00e3o ao desenvolvimento espiritual desses planetas e civiliza\u00e7\u00f5es onde eles vieram em v\u00e1rios corpos f\u00edsicos.<\/p>\n<p style=\"text-align: justify;\">Vamos listar apenas alguns deles, pois \u00e9 claro que \u00e9 imposs\u00edvel listar todos eles.<\/p>\n<p style=\"text-align: justify;\">Estes s\u00e3o Yeshua, Buda, Muhammad, Tutanc\u00e2mon, Conf\u00facio, Plat\u00e3o, Virgem Maria, Maria Madalena, Jo\u00e3o Batista, Ap\u00f3stolos Pedro e Paulo, Serafins de Sarov, S\u00e9rgio de Radonej, Nikolai, o Maravilha e muitos, muitos mais daqueles a quem voc\u00eas chamam de s\u00e1bios e santos &#8230;<\/p>\n<p style=\"text-align: justify;\">\u00c9 muito dif\u00edcil para n\u00f3s explicar-lhes os processos que ocorrem no nosso planeta e al\u00e9m, j\u00e1 que o n\u00edvel de consci\u00eancia dos habitantes da oitava densidade j\u00e1 existe al\u00e9m da estrutura de entendimento das criaturas da terceira e at\u00e9 quarta densidades. Mas ainda vamos tentar fazer isso &#8230;<\/p>\n<p style=\"text-align: justify;\">Imagine o Sol, mas n\u00e3o como o c\u00e9u, mas como a Luz Divina. E muitos, muitos raios divergem dela, que penetram em outras dimens\u00f5es, em outros planetas, em v\u00e1rias civiliza\u00e7\u00f5es e aquecem consigo mesmos todos os habitantes desses mundos. Eles lhes trazem luz, amor e conhecimento divino.<\/p>\n<p style=\"text-align: justify;\">E nosso planeta consiste em muitos &#8220;s\u00f3is&#8221;. Externamente, eles se parecem com silhuetas luminosas brilhantes de branco deslumbrante. Nossos corpos n\u00e3o s\u00e3o mais cristalinos claros, mas o ar &#8211; eles s\u00e3o t\u00e3o rarefeitos.<\/p>\n<p style=\"text-align: justify;\">E cada um deles, sendo a alma m\u00e3e (ou &#8220;n\u00facleo&#8221;) da Grande Alma, que mais uma vez desceu aos mundos de baixas densidades para o pr\u00f3ximo Servi\u00e7o, monitora cuidadosamente o que est\u00e1 acontecendo com sua part\u00edcula nativa.<\/p>\n<p style=\"text-align: justify;\">Fazemos o poss\u00edvel para ajud\u00e1-la a n\u00e3o trope\u00e7ar, para cumprir sua miss\u00e3o da melhor maneira poss\u00edvel, para proteg\u00ea-la das For\u00e7as das Trevas, que inevitavelmente tentam impedi-la e, em caso de perigo, pedimos a ajuda das For\u00e7as Superiores, Anjos e Arcanjos.<\/p>\n<p style=\"text-align: justify;\">E agora, quando a Terra est\u00e1 experimentando seu renascimento, um grande n\u00famero de Grandes Almas desceu ao seu planeta para ajud\u00e1-lo a subir e salvar o maior n\u00famero poss\u00edvel de almas humanas.<\/p>\n<p style=\"text-align: justify;\">Nunca tivemos tanto trabalho como agora. E, a fim de coordenar melhor nossas a\u00e7\u00f5es com aqueles que, como n\u00f3s, ajudam os terr\u00e1queos neste per\u00edodo dif\u00edcil para eles, enviamos nossos representantes \u00e0 Federa\u00e7\u00e3o Gal\u00e1ctica da Luz, onde eles eram muito bem-vindos e simpatizavam com nosso desejo de ajudar os terr\u00e1queos a se mudarem para o Quinto medi\u00e7\u00e3o com a menor perda de vidas.<\/p>\n<p style=\"text-align: justify;\">J\u00e1 entramos em contato com muitas partes da nossa Fam\u00edlia Estelar, que agora est\u00e3o na Terra e alcan\u00e7aram o servi\u00e7o completo em benef\u00edcio das pessoas. E estamos muito orgulhosos deles.<\/p>\n<p style=\"text-align: justify;\">Quer\u00edamos que voc\u00ea soubesse sobre n\u00f3s e os grandes sacrif\u00edcios que as Almas da Luz que vivem entre voc\u00eas trazem, que j\u00e1 sa\u00edram da roda das encarna\u00e7\u00f5es e que poderiam ter permanecido para sempre em sua fam\u00edlia Estrela no belo planeta Heteroscaphos, mas corajosamente e desesperadamente correram para a \u201cpiscina \u00bbTridimensionalidade para a salva\u00e7\u00e3o de outras pessoas, para trazer \u00e0s pessoas conhecimento Divino, Luz e Amor, para levar suas almas ao caminho que conduz \u00e0 Ascens\u00e3o.<\/p>\n<p style=\"text-align: justify;\">O Conselho de Anci\u00e3os do Planeta Heteroscaphos falou com voc\u00ea .<\/p>\n<div class='epvc-post-count'><span class='epvc-eye'><\/span>  <span class=\"epvc-count\"> 441<\/span><span class='epvc-label'> Views<\/span><\/div>","protected":false},"excerpt":{"rendered":"<p>Ol\u00e1, nossos amados terr\u00e1queos! Hoje decidimos falar sobre o nosso planeta, que est\u00e1 em outra gal\u00e1xia e sobre o qual at\u00e9 agora voc\u00ea n\u00e3o sabe nada. Este planeta \u00e9 chamado Heteroscaphos e est\u00e1 localizado na oitava dimens\u00e3o. Nosso planeta \u00e9 \u00fanico, porque n\u00e3o apenas as almas vivem nele, mas tamb\u00e9m as almas maternas, que s\u00e3o [&hellip;]<\/p>\n","protected":false},"author":1,"featured_media":0,"comment_status":"open","ping_status":"open","sticky":false,"template":"","format":"standard","meta":{"footnotes":""},"categories":[7],"tags":[],"class_list":["post-16523","post","type-post","status-publish","format-standard","hentry","category-espiritualidade"],"amp_enabled":true,"_links":{"self":[{"href":"https:\/\/espacodosol.com\/blog\/index.php\/wp-json\/wp\/v2\/posts\/16523","targetHints":{"allow":["GET"]}}],"collection":[{"href":"https:\/\/espacodosol.com\/blog\/index.php\/wp-json\/wp\/v2\/posts"}],"about":[{"href":"https:\/\/espacodosol.com\/blog\/index.php\/wp-json\/wp\/v2\/types\/post"}],"author":[{"embeddable":true,"href":"https:\/\/espacodosol.com\/blog\/index.php\/wp-json\/wp\/v2\/users\/1"}],"replies":[{"embeddable":true,"href":"https:\/\/espacodosol.com\/blog\/index.php\/wp-json\/wp\/v2\/comments?post=16523"}],"version-history":[{"count":0,"href":"https:\/\/espacodosol.com\/blog\/index.php\/wp-json\/wp\/v2\/posts\/16523\/revisions"}],"wp:attachment":[{"href":"https:\/\/espacodosol.com\/blog\/index.php\/wp-json\/wp\/v2\/media?parent=16523"}],"wp:term":[{"taxonomy":"category","embeddable":true,"href":"https:\/\/espacodosol.com\/blog\/index.php\/wp-json\/wp\/v2\/categories?post=16523"},{"taxonomy":"post_tag","embeddable":true,"href":"https:\/\/espacodosol.com\/blog\/index.php\/wp-json\/wp\/v2\/tags?post=16523"}],"curies":[{"name":"wp","href":"https:\/\/api.w.org\/{rel}","templated":true}]}}