{"id":16526,"date":"2020-04-11T02:35:58","date_gmt":"2020-04-11T02:35:58","guid":{"rendered":"https:\/\/espacodosol.com\/blog.br\/?p=16526"},"modified":"2020-04-11T02:35:58","modified_gmt":"2020-04-11T02:35:58","slug":"o-alvorecer-de-uma-nova-era-mensagem-de-leon-denis-sobre-o-tempo-atual","status":"publish","type":"post","link":"https:\/\/espacodosol.com\/blog\/index.php\/2020\/04\/11\/o-alvorecer-de-uma-nova-era-mensagem-de-leon-denis-sobre-o-tempo-atual\/","title":{"rendered":"O alvorecer de uma nova era \u2013 Mensagem de Leon Denis sobre o tempo atual"},"content":{"rendered":"<p data-adtags-visited=\"true\"><img loading=\"lazy\" decoding=\"async\" class=\"alignnone size-full wp-image-16527\" src=\"https:\/\/espacodosol.com\/blog.br\/wp-content\/uploads\/2020\/04\/Leon_denis.jpg\" alt=\"\" width=\"700\" height=\"394\" \/><\/p>\n<p style=\"text-align: justify;\" data-adtags-visited=\"true\">Vivemos nesses dias de dores e apreens\u00f5es, medos e preocupa\u00e7\u00f5es, o alvorecer de uma nova era cujos clar\u00f5es come\u00e7am a despontar no horizonte.<\/p>\n<p style=\"text-align: justify;\" data-adtags-visited=\"true\">Embora o alvoro\u00e7o em torno do v\u00edrus que assola a humanidade contaminando corpos, ceifando vidas e deixando de prontid\u00e3o os demais, um clarim se faz ouvir por todos os quadrantes do planeta anunciando que um ciclo se finda e outro se inicia.<br \/>\nS\u00e3o tempos de transi\u00e7\u00e3o planet\u00e1ria trazidos pelos ventos da renova\u00e7\u00e3o que varrem a poeira de um mundo cujo modo de organiza\u00e7\u00e3o social, pol\u00edtica, econ\u00f4mica e religiosa j\u00e1 n\u00e3o se sustenta mais.<span id=\"more-1220\"><\/span><\/p>\n<p style=\"text-align: justify;\" data-adtags-visited=\"true\">Um mundo que suplica por mudan\u00e7as por meio das vozes que clamam por justi\u00e7a e esp\u00edrito humanit\u00e1rio, nas diferentes rela\u00e7\u00f5es estabelecidas nos mais variados pa\u00edses de todos os continentes.<\/p>\n<p style=\"text-align: justify;\" data-adtags-visited=\"true\">Vozes oprimidas e cansadas de almas sofridas que carecem de p\u00e3o, trabalho, educa\u00e7\u00e3o e uma melhor justi\u00e7a social que diminua o abismo entre as classes, entre ricos e pobres.<\/p>\n<p style=\"text-align: justify;\" data-adtags-visited=\"true\">Nessa nova era que surge em meio a um parto dif\u00edcil e delicado, h\u00e1 \u201cuma crian\u00e7a\u201d que desponta para nos dizer nos seus primeiros vagidos que o mundo \u00e9 bom, que precisamos nos compatibilizar com a sua beleza, equil\u00edbrio e organiza\u00e7\u00e3o, por meio de uma conduta digna e em sintonia com toda a sua divina harmonia.<\/p>\n<p style=\"text-align: justify;\" data-adtags-visited=\"true\">Consoante a simbologia do texto b\u00edblico, \u00e9 chegado o instante dos bodes se separarem das ovelhas (Mt 25:31-46), o joio do trigo (Mt 13:24-30) e os que ajuntam dos que espalham (Lc 11:23), de cada um optar pelos caminhos que deseja palmilhar nas veredas do universo\u2026<\/p>\n<p style=\"text-align: justify;\" data-adtags-visited=\"true\">N\u00e3o estranhemos que tudo proceda com esse modus operandi, o Codificador assinalou com clareza em A G\u00eanese, no seu cap\u00edtulo dezoito, quais seriam os sinais dos tempos e pontuou de modo objetivo que essas mudan\u00e7as se operam lentas e impercept\u00edveis ou bruscamente.<\/p>\n<p style=\"text-align: justify;\" data-adtags-visited=\"true\">Assim, tudo quanto ocorre neste cen\u00e1rio que assusta e inquieta, requisita de cada ser um retorno \u00e0s bases do Evangelho. Um mergulho sens\u00edvel e atento nos ensinamentos de luz do Divino Pastor, a fim de auscultarmos com aten\u00e7\u00e3o a ess\u00eancia dos seus ensinos e avaliarmos, com isen\u00e7\u00e3o, como alicer\u00e7amos e erigimos nossas cren\u00e7as e nossa f\u00e9.<\/p>\n<p style=\"text-align: justify;\" data-adtags-visited=\"true\">\u00c9 preciso que nos perguntemos o que fizemos do Cristo dentro do cristianismo e, particularmente, n\u00f3s esp\u00edritas, o que temos feito do Cristo restaurado \u00e0 luz do consolador prometido.<\/p>\n<p style=\"text-align: justify;\" data-adtags-visited=\"true\">O Espiritismo n\u00e3o \u00e9 um adorno como um camafeu ou broche que conduzimos na lapela para ostentar seus princ\u00edpios. N\u00e3o \u00e9 uma espada guardada e pronta a ser retirada da bainha.<\/p>\n<p style=\"text-align: justify;\" data-adtags-visited=\"true\">N\u00e3o \u00e9 uma arma, mas um sinal que nos deve distinguir pelo esp\u00edrito de servi\u00e7o ao pr\u00f3ximo.<\/p>\n<p style=\"text-align: justify;\" data-adtags-visited=\"true\">\u00c9 antes uma ferramenta de trabalho que precisa ser empregada na constru\u00e7\u00e3o de um mundo novo a partir da reconstru\u00e7\u00e3o de n\u00f3s mesmos. \u00c9 uma chave que nos desperta e amplia a consci\u00eancia adormecida.<\/p>\n<p style=\"text-align: justify;\" data-adtags-visited=\"true\">A hora \u00e9 decisiva e n\u00e3o tarda o instante em que seremos individual e coletivamente chamados ao testemunho, \u00e0 entrega e ao sacrif\u00edcio em prol dos nossos semelhantes.<\/p>\n<p style=\"text-align: justify;\" data-adtags-visited=\"true\">A \u201cresist\u00eancia\u201d que n\u00e3o deseja a renova\u00e7\u00e3o, tem seus muros e o seu ex\u00e9rcito de prontid\u00e3o, calcado em alicerces de areia que as vagas do mar haver\u00e3o de levar, porque se assenta no poder transit\u00f3rio, na vaidade tola e fugaz, no brilho f\u00e1tuo e sem consist\u00eancia da intelectualidade vazia sem a utilidade pr\u00e1tica a servi\u00e7o dos que sofrem.<\/p>\n<p style=\"text-align: justify;\" data-adtags-visited=\"true\">Tais esp\u00edritos, nossos irm\u00e3os, dignos de piedade, encontrar\u00e3o ref\u00fagio em cen\u00e1rios e escolas compat\u00edveis com o que necessitam despertar, sendo devidamente amparados.<\/p>\n<p style=\"text-align: justify;\" data-adtags-visited=\"true\">Aproveitem, meus irm\u00e3os e minhas irm\u00e3s, esse per\u00edodo na carne e essa hora grave para socorrer.<\/p>\n<p style=\"text-align: justify;\" data-adtags-visited=\"true\">Solidarizem-se com o povo oprimido, com as classes oper\u00e1rias, com os mais humildes, acercando-se dos seus ninhos de dor e prova\u00e7\u00e3o, estendendo a eles m\u00e3os amigas.<\/p>\n<p style=\"text-align: justify;\" data-adtags-visited=\"true\">Levem p\u00e3o, alento e toda a sorte de recursos que possam repartir.<\/p>\n<p style=\"text-align: justify;\" data-adtags-visited=\"true\">Fileiras de esp\u00edritos amigos, estafetas da luz, estar\u00e3o convosco amparando-os, inspirando-os no servi\u00e7o fraternal.<\/p>\n<p style=\"text-align: justify;\" data-adtags-visited=\"true\">Tomem as medidas profil\u00e1ticas recomendadas pelas autoridades competentes nas \u00e1reas da sa\u00fade e da seguran\u00e7a, mas n\u00e3o posterguem o sublime ensejo de amor.<\/p>\n<p style=\"text-align: justify;\" data-adtags-visited=\"true\">Acendam no peito a luz dessa divisa deixada e exemplificada por Jesus:<em>\u201cAmai-vos uns aos outros como eu vos amei\u201d<\/em>\u00a0e estar\u00e3o seguros agora e ap\u00f3s o transpasse para o lado de c\u00e1, pois ter\u00e3o obtido a tranquilidade consciencial daqueles que cumprem com fidelidade e dedica\u00e7\u00e3o os seus deveres.<\/p>\n<p style=\"text-align: justify;\" data-adtags-visited=\"true\">Estamos \u00e0 postos para socorrer, amparar, inspirar, dirigir e orientar os passos de cada um, de cada c\u00e9lula crist\u00e3-esp\u00edrita nessa marcha sem precedentes rumo \u00e0 Terra regenerada do amanh\u00e3.<\/p>\n<p style=\"text-align: justify;\" data-adtags-visited=\"true\">N\u00e3o temam!<br \/>\nN\u00e3o recuem!<br \/>\nN\u00e3o tergiversem!<\/p>\n<p style=\"text-align: justify;\" data-adtags-visited=\"true\">Marchemos, pois para isso volvemos, para encarar a procela terrena e nela nos amar e nos instruir, conforme j\u00e1 assinalou o Espirito de Verdade.<\/p>\n<p style=\"text-align: justify;\" data-adtags-visited=\"true\">Um abra\u00e7o fraternal.<\/p>\n<h2 style=\"text-align: justify;\"><strong>L\u00e9on Denis<\/strong><\/h2>\n<h5 style=\"text-align: justify;\">(Mensagem recebida por psicografia intuitiva por Cezar Braga Said<\/h5>\n<div class='epvc-post-count'><span class='epvc-eye'><\/span>  <span class=\"epvc-count\"> 390<\/span><span class='epvc-label'> Views<\/span><\/div>","protected":false},"excerpt":{"rendered":"<p>Vivemos nesses dias de dores e apreens\u00f5es, medos e preocupa\u00e7\u00f5es, o alvorecer de uma nova era cujos clar\u00f5es come\u00e7am a despontar no horizonte. Embora o alvoro\u00e7o em torno do v\u00edrus que assola a humanidade contaminando corpos, ceifando vidas e deixando de prontid\u00e3o os demais, um clarim se faz ouvir por todos os quadrantes do planeta [&hellip;]<\/p>\n","protected":false},"author":1,"featured_media":0,"comment_status":"open","ping_status":"open","sticky":false,"template":"","format":"standard","meta":{"footnotes":""},"categories":[7],"tags":[],"class_list":["post-16526","post","type-post","status-publish","format-standard","hentry","category-espiritualidade"],"amp_enabled":true,"_links":{"self":[{"href":"https:\/\/espacodosol.com\/blog\/index.php\/wp-json\/wp\/v2\/posts\/16526","targetHints":{"allow":["GET"]}}],"collection":[{"href":"https:\/\/espacodosol.com\/blog\/index.php\/wp-json\/wp\/v2\/posts"}],"about":[{"href":"https:\/\/espacodosol.com\/blog\/index.php\/wp-json\/wp\/v2\/types\/post"}],"author":[{"embeddable":true,"href":"https:\/\/espacodosol.com\/blog\/index.php\/wp-json\/wp\/v2\/users\/1"}],"replies":[{"embeddable":true,"href":"https:\/\/espacodosol.com\/blog\/index.php\/wp-json\/wp\/v2\/comments?post=16526"}],"version-history":[{"count":0,"href":"https:\/\/espacodosol.com\/blog\/index.php\/wp-json\/wp\/v2\/posts\/16526\/revisions"}],"wp:attachment":[{"href":"https:\/\/espacodosol.com\/blog\/index.php\/wp-json\/wp\/v2\/media?parent=16526"}],"wp:term":[{"taxonomy":"category","embeddable":true,"href":"https:\/\/espacodosol.com\/blog\/index.php\/wp-json\/wp\/v2\/categories?post=16526"},{"taxonomy":"post_tag","embeddable":true,"href":"https:\/\/espacodosol.com\/blog\/index.php\/wp-json\/wp\/v2\/tags?post=16526"}],"curies":[{"name":"wp","href":"https:\/\/api.w.org\/{rel}","templated":true}]}}