{"id":16529,"date":"2020-04-12T02:41:37","date_gmt":"2020-04-12T02:41:37","guid":{"rendered":"https:\/\/espacodosol.com\/blog.br\/?p=16529"},"modified":"2020-04-12T02:41:37","modified_gmt":"2020-04-12T02:41:37","slug":"mensagem-mae-maria-viver-a-vida","status":"publish","type":"post","link":"https:\/\/espacodosol.com\/blog\/index.php\/2020\/04\/12\/mensagem-mae-maria-viver-a-vida\/","title":{"rendered":"Mensagem M\u00e3e Maria &#8211; Viver a Vida"},"content":{"rendered":"<p dir=\"auto\"><img loading=\"lazy\" decoding=\"async\" class=\"alignnone size-full wp-image-14934\" src=\"https:\/\/espacodosol.com\/blog.br\/wp-content\/uploads\/2018\/05\/M\u00e3e-Maria-Rosa.jpg\" alt=\"\" width=\"300\" height=\"300\" \/><\/p>\n<p class=\"gmql0nx0 l94mrbxd p1ri9a11 lzcic4wl n851cfcs n1l5q3vz\" dir=\"auto\" style=\"text-align: justify;\"><span class=\"oi732d6d ik7dh3pa d2edcug0 qv66sw1b c1et5uql o3w64lxj b2s5l15y knj5qynh oo9gr5id\" dir=\"auto\">Que as b\u00ean\u00e7\u00e3os do amor tragam paz aos vossos corpos, mentes e cora\u00e7\u00f5es.<br \/>\n<\/span><\/p>\n<p class=\"gmql0nx0 l94mrbxd p1ri9a11 lzcic4wl n851cfcs n1l5q3vz\" dir=\"auto\" style=\"text-align: justify;\"><span class=\"oi732d6d ik7dh3pa d2edcug0 qv66sw1b c1et5uql o3w64lxj b2s5l15y knj5qynh oo9gr5id\" dir=\"auto\">A luz se faz presente em vosso planeta, plena, derramando b\u00ean\u00e7\u00e3os para todos os filhos da Terra.<br \/>\n<\/span><\/p>\n<p class=\"gmql0nx0 l94mrbxd p1ri9a11 lzcic4wl n851cfcs n1l5q3vz\" dir=\"auto\" style=\"text-align: justify;\"><span class=\"oi732d6d ik7dh3pa d2edcug0 qv66sw1b c1et5uql o3w64lxj b2s5l15y knj5qynh oo9gr5id\" dir=\"auto\">O renascer de vosso Mestre Jesus se aproxima, e com Ele toda a esperan\u00e7a de fazer desse vosso planeta um mundo melhor, um mundo de amor, alegria e paz, um mundo onde todos caminham juntos, de m\u00e3os dadas, um mundo onde a confus\u00e3o &#8211; das muitas linguagens que se criaram ao longo da separa\u00e7\u00e3o &#8211; se reunificam liberando o timbre da linguagem do cora\u00e7\u00e3o.<br \/>\n<\/span><\/p>\n<p class=\"gmql0nx0 l94mrbxd p1ri9a11 lzcic4wl n851cfcs n1l5q3vz\" dir=\"auto\" style=\"text-align: justify;\"><span class=\"oi732d6d ik7dh3pa d2edcug0 qv66sw1b c1et5uql o3w64lxj b2s5l15y knj5qynh oo9gr5id\" dir=\"auto\">Sim, vossos cora\u00e7\u00f5es falam, e este \u00e9 o tempo onde todos v\u00f3s tendes a oportunidade de manifestar a compreens\u00e3o dessa linguagem, nova para muitos de v\u00f3s, mas antiga, muito antiga, para \u00e0quelas almas que j\u00e1 iniciaram seu processo de ascens\u00e3o.<\/span><\/p>\n<p style=\"text-align: justify;\">As portas do novo mundo se escancaram permitindo a todos enxerg\u00e1-las, dando-vos a oportunidade de transp\u00f4-las se esta for vossa escolha, para que possais adentrar ao novo tempo, onde pulsa e vibra s\u00f3 amor, onde a linguagem do amor se faz presente e \u00e9 exercitada por todos, sem exce\u00e7\u00e3o, onde o som de cada um de v\u00f3s se faz aud\u00edvel mostrando-vos como eles se unem para reverberar o som da vida dos humanos que finalmente se reconhecem como partes do mesmo c\u00e1lice, onde o sentido da vida se faz presente em cada mente e em cada cora\u00e7\u00e3o.<\/p>\n<p style=\"text-align: justify;\">Vida nova, amados!<\/p>\n<p style=\"text-align: justify;\">Esta \u00e9 a grande b\u00ean\u00e7\u00e3o que vos oferece a P\u00e1scoa que est\u00e1 por vir.<\/p>\n<p style=\"text-align: justify;\">Vida onde impera a alegria porque a compreens\u00e3o se faz presente, vida em que as dist\u00e2ncias se dissolvem porque a unidade de tudo se faz vis\u00edvel, vida onde impera a esperan\u00e7a que vos impulsiona a seguir sempre em frente, vida onde a troca se faz justa permitindo que todos se beneficiem de tudo, vida onde a escurid\u00e3o se faz ausente porque a luz se imp\u00f4s soberana pela vontade de todos v\u00f3s.<\/p>\n<p style=\"text-align: justify;\">Eu vos convido a viver a vida, amados, reconhecendo a b\u00ean\u00e7\u00e3o de estar encarnado neste tempo, tempo que vos oferece todas as oportunidades de crescer, tempo onde se faz presente \u00e0 clareza em vossos pensamentos, o amor em vossos cora\u00e7\u00f5es e a verdade em vossas atitudes, tempo de reden\u00e7\u00e3o.<\/p>\n<p style=\"text-align: justify;\">Deixai, pois para traz o peso da separa\u00e7\u00e3o, para aceitar a leveza daqueles que se despojaram de todos os sentimentos que tornavam a vida um mar de dores, culpas e incompreens\u00f5es, e com esse gesto puderam sentir o que \u00e9 verdadeiramente VIVER.<\/p>\n<p style=\"text-align: justify;\">Olhai para dentro de v\u00f3s, e ousai encarar vossa alma, para que possais vos entregar a ela, a sua vontade, na certeza que ela vos apontar\u00e1 o caminho a seguir, n\u00e3o importando as dificuldades que ainda tiverdes que superar.<\/p>\n<p style=\"text-align: justify;\">Relembrai a trajet\u00f3ria do meu amado Filho, que aceitou estar no meio de v\u00f3s para mostrar que \u00e9 poss\u00edvel sim pautar o caminhar pela retid\u00e3o de pensamentos, sentimentos e a\u00e7\u00f5es, e que assim fazendo a vida se encarregar\u00e1 de suprir vossas necessidades, mostrando-vos, sempre, que mergulhados no amor, por tudo e por todos, colher\u00e1s paz, paz no corpo, paz na mente, paz no cora\u00e7\u00e3o.<\/p>\n<p style=\"text-align: justify;\">Bem amados, que esta P\u00e1scoa que se aproxima traga para todos v\u00f3s a luz dos milagres, para que tudo que n\u00e3o condiz com este novo momentum possa ser reconhecido e transformado, e que as b\u00ean\u00e7\u00e3os de todos os Seres que vos ajudam nesta caminhada possam elevar, definitivamente, vossas consci\u00eancias, para que de vossos cora\u00e7\u00f5es jorre a luz da compreens\u00e3o.<\/p>\n<p style=\"text-align: justify;\">Bem amados, Feliz P\u00e1scoa de Renascimento, e que possais continuar exercitando vossas ora\u00e7\u00f5es at\u00e9 que o \u00faltimo de vossos irm\u00e3os reencontre o caminho da ascens\u00e3o.<\/p>\n<p style=\"text-align: justify;\">Bem amados, Eu vos deixo agora derramando sobre todos v\u00f3s as minhas b\u00ean\u00e7\u00e3os e envolvendo a todos no meu manto de prote\u00e7\u00e3o, porque Eu Sou Maria, Vossa M\u00e3e.<\/p>\n<p class=\"gmql0nx0 l94mrbxd p1ri9a11 lzcic4wl n851cfcs n1l5q3vz\" dir=\"auto\" style=\"text-align: justify;\"><span class=\"oi732d6d ik7dh3pa d2edcug0 qv66sw1b c1et5uql o3w64lxj b2s5l15y knj5qynh oo9gr5id\" dir=\"auto\">Canal: Jane Ribeiro<\/span><\/p>\n<p class=\"gmql0nx0 l94mrbxd p1ri9a11 lzcic4wl n851cfcs n1l5q3vz\" dir=\"auto\" style=\"text-align: justify;\"><span class=\"oi732d6d ik7dh3pa d2edcug0 qv66sw1b c1et5uql o3w64lxj b2s5l15y knj5qynh oo9gr5id\" dir=\"auto\">Fonte:\u00a0<a class=\"oajrlxb2 g5ia77u1 qu0x051f esr5mh6w e9989ue4 r7d6kgcz rq0escxv nhd2j8a9 nc684nl6 p7hjln8o kvgmc6g5 cxmmr5t8 oygrvhab hcukyx3x jb3vyjys rz4wbd8a qt6c0cv9 a8nywdso i1ao9s8h esuyzwwr f1sip0of lzcic4wl py34i1dx gpro0wi8\" tabindex=\"0\" href=\"https:\/\/l.facebook.com\/l.php?u=http%3A%2F%2Fbr.groups.yahoo.com%2Fgroup%2Fmaemaria%2F&amp;h=AT2QvMLpZJkC7MtrYwY4UIeP-rlVfSbdai3uY0Tmy1ceFglKTqylMiqEPm0DD375KT8rT723J0v61guCR02mPIawEQsL0uxEGFLeoy1iJ8da-hU2rS5h7MLdlIfLytItPaAK1X85adfoDMG79lni&amp;__tn__=-U-UK-y-R&amp;c[0]=AT2eErxUsydHprGhvSV6Wrrect6VfZO44RnQS2UC13kmfhHAvwhkeB_IrqahzyqEfLYq3gTTqbT9dkYFP2nKVE8l1FMzTNHRL_SCAGnaYGvHwM8Bz78Pb5IJcuRJrxQ8lvOAWTuek1NPw72i5Y7qDlZ2dGdl4W0i3vy-e9-Dz46VsEmWV7t2sK41zzaImdNILFsEQKWs5zPqLLTS0tg-9NCK\" target=\"_blank\" rel=\"nofollow noopener noreferrer\">http:\/\/br.groups.yahoo.com\/group\/maemaria\/<\/a><\/span><\/p>\n<p class=\"gmql0nx0 l94mrbxd p1ri9a11 lzcic4wl n851cfcs n1l5q3vz\" dir=\"auto\" style=\"text-align: justify;\"><span class=\"oi732d6d ik7dh3pa d2edcug0 qv66sw1b c1et5uql o3w64lxj b2s5l15y knj5qynh oo9gr5id\" dir=\"auto\">Postaod por Gabriel RL (Neva) no\u00a0<a class=\"oajrlxb2 g5ia77u1 qu0x051f esr5mh6w e9989ue4 r7d6kgcz rq0escxv nhd2j8a9 nc684nl6 p7hjln8o kvgmc6g5 cxmmr5t8 oygrvhab hcukyx3x jb3vyjys rz4wbd8a qt6c0cv9 a8nywdso i1ao9s8h esuyzwwr f1sip0of lzcic4wl py34i1dx gpro0wi8\" tabindex=\"0\" href=\"https:\/\/l.facebook.com\/l.php?u=http%3A%2F%2Fwww.sementesdasestrelas.com.br%2F%3Ffbclid%3DIwAR2maCIP-BMOh6eODPrC5WfPKeLdZ2lTevCXPML4Jecn-tkOhfDCIDMgXZ4&amp;h=AT0Ib5GcJYn9hYkmE1l2sADiXPu9Iu2-cifzEdm1P25b4N3uo0NkdAk2r7dL7nfFJc-_YmnX36PIMm8q1rIEJ9jJ_-J2ceZRQZ4BCLsdy90cpzFV5-_OpzAbdQJhBB7og94V5DsBtTs2SLESOpbV&amp;__tn__=-U-UK-y-R&amp;c[0]=AT2eErxUsydHprGhvSV6Wrrect6VfZO44RnQS2UC13kmfhHAvwhkeB_IrqahzyqEfLYq3gTTqbT9dkYFP2nKVE8l1FMzTNHRL_SCAGnaYGvHwM8Bz78Pb5IJcuRJrxQ8lvOAWTuek1NPw72i5Y7qDlZ2dGdl4W0i3vy-e9-Dz46VsEmWV7t2sK41zzaImdNILFsEQKWs5zPqLLTS0tg-9NCK\" target=\"_blank\" rel=\"nofollow noopener noreferrer\">www.sementesdasestrelas.com.br<\/a><\/span><\/p>\n<div class='epvc-post-count'><span class='epvc-eye'><\/span>  <span class=\"epvc-count\"> 414<\/span><span class='epvc-label'> Views<\/span><\/div>","protected":false},"excerpt":{"rendered":"<p>Que as b\u00ean\u00e7\u00e3os do amor tragam paz aos vossos corpos, mentes e cora\u00e7\u00f5es. A luz se faz presente em vosso planeta, plena, derramando b\u00ean\u00e7\u00e3os para todos os filhos da Terra. O renascer de vosso Mestre Jesus se aproxima, e com Ele toda a esperan\u00e7a de fazer desse vosso planeta um mundo melhor, um mundo de [&hellip;]<\/p>\n","protected":false},"author":1,"featured_media":0,"comment_status":"open","ping_status":"open","sticky":false,"template":"","format":"standard","meta":{"footnotes":""},"categories":[7],"tags":[],"class_list":["post-16529","post","type-post","status-publish","format-standard","hentry","category-espiritualidade"],"amp_enabled":true,"_links":{"self":[{"href":"https:\/\/espacodosol.com\/blog\/index.php\/wp-json\/wp\/v2\/posts\/16529","targetHints":{"allow":["GET"]}}],"collection":[{"href":"https:\/\/espacodosol.com\/blog\/index.php\/wp-json\/wp\/v2\/posts"}],"about":[{"href":"https:\/\/espacodosol.com\/blog\/index.php\/wp-json\/wp\/v2\/types\/post"}],"author":[{"embeddable":true,"href":"https:\/\/espacodosol.com\/blog\/index.php\/wp-json\/wp\/v2\/users\/1"}],"replies":[{"embeddable":true,"href":"https:\/\/espacodosol.com\/blog\/index.php\/wp-json\/wp\/v2\/comments?post=16529"}],"version-history":[{"count":0,"href":"https:\/\/espacodosol.com\/blog\/index.php\/wp-json\/wp\/v2\/posts\/16529\/revisions"}],"wp:attachment":[{"href":"https:\/\/espacodosol.com\/blog\/index.php\/wp-json\/wp\/v2\/media?parent=16529"}],"wp:term":[{"taxonomy":"category","embeddable":true,"href":"https:\/\/espacodosol.com\/blog\/index.php\/wp-json\/wp\/v2\/categories?post=16529"},{"taxonomy":"post_tag","embeddable":true,"href":"https:\/\/espacodosol.com\/blog\/index.php\/wp-json\/wp\/v2\/tags?post=16529"}],"curies":[{"name":"wp","href":"https:\/\/api.w.org\/{rel}","templated":true}]}}