{"id":16538,"date":"2020-04-18T02:36:23","date_gmt":"2020-04-18T02:36:23","guid":{"rendered":"https:\/\/espacodosol.com\/blog.br\/?p=16538"},"modified":"2020-04-18T02:36:23","modified_gmt":"2020-04-18T02:36:23","slug":"mensagem-de-amor-da-federacao-galactica-da-luz-o-advento-da-nova-terra","status":"publish","type":"post","link":"https:\/\/espacodosol.com\/blog\/index.php\/2020\/04\/18\/mensagem-de-amor-da-federacao-galactica-da-luz-o-advento-da-nova-terra\/","title":{"rendered":"Mensagem de amor da Federa\u00e7\u00e3o Gal\u00e1ctica da Luz &#8211; O advento da Nova Terra"},"content":{"rendered":"<p><img loading=\"lazy\" decoding=\"async\" class=\"alignnone size-full wp-image-16539\" src=\"https:\/\/espacodosol.com\/blog.br\/wp-content\/uploads\/2020\/04\/Nova_terra.jpg\" alt=\"\" width=\"696\" height=\"389\" \/><\/p>\n<p style=\"text-align: justify;\">Chegamos hoje para oferecer a voc\u00ea esta mensagem de conforto.<\/p>\n<p style=\"text-align: justify;\">Somos extremamente sens\u00edveis ao que est\u00e1 acontecendo no seu mundo.<\/p>\n<p style=\"text-align: justify;\">Tamb\u00e9m estamos felizes em anunciar o advento da Nova Terra.<\/p>\n<p style=\"text-align: justify;\">Esta t\u00e3o esperada, t\u00e3o esperada Terra Prometida est\u00e1 cristalizando em voc\u00eas, meus queridos filhos, neste momento muito preciso.<\/p>\n<p style=\"text-align: justify;\">Estes s\u00e3o seus pensamentos, suas experi\u00eancias passadas, seus aprendizados, suas tristezas e suas ilumina\u00e7\u00f5es, todo seu amor, tudo aquilo que contribui para o seu nascimento.<\/p>\n<p style=\"text-align: justify;\">\u00a0N\u00f3s adicionamos a soma de todos os seus desejos, todos os seus desejos mais queridos, para promover sua cristaliza\u00e7\u00e3o no futuro pr\u00f3ximo.<\/p>\n<p style=\"text-align: justify;\">Essa nova realidade de seus cora\u00e7\u00f5es amorosos \u00e9 uma grande esperan\u00e7a para toda a ra\u00e7a humana.<\/p>\n<p style=\"text-align: justify;\">Voc\u00ea tem a oportunidade de mudar e ver uma nova era de paz, prosperidade e abund\u00e2ncia para todas as pessoas da Terra.<\/p>\n<p style=\"text-align: justify;\">Estamos felizes em poder anunciar a voc\u00ea que, em breve, nos manifestaremos muito mais com voc\u00ea.<\/p>\n<p style=\"text-align: justify;\">Voc\u00ea j\u00e1 pode reconhecer os seres iluminados entre aqueles que vigiam seu mundo.<\/p>\n<p style=\"text-align: justify;\">Voc\u00ea consegue ler com muita precis\u00e3o o que todo mundo tem no fundo do pr\u00f3prio cora\u00e7\u00e3o.<\/p>\n<p style=\"text-align: justify;\">Existe uma maneira muito mais lucrativa de fazer esse mundo florescer, para melhor.<\/p>\n<p style=\"text-align: justify;\">N\u00e3o \u00e9 trabalhando apenas para si mesmo, mas servindo a toda a comunidade e comprometendo-se com o bem maior.<\/p>\n<p style=\"text-align: justify;\">\u00c9 tamb\u00e9m por esse motivo que voc\u00ea obteve o imenso privil\u00e9gio de poder renascer neste per\u00edodo crucial da humanidade; seu papel como alma despertada \u00e9 tirar esse mundo de seu torpor.<\/p>\n<p style=\"text-align: justify;\">Pela sua f\u00e9, pelas suas ora\u00e7\u00f5es, pela sua abnega\u00e7\u00e3o, todo esse profundo amor enterrado em voc\u00ea se manifestar\u00e1 e come\u00e7ar\u00e1 a irradiar por toda a superf\u00edcie do seu planeta.<\/p>\n<p style=\"text-align: justify;\">Foi assim que grandes coisas come\u00e7aram a acontecer, para toda a ra\u00e7a humana.<\/p>\n<p style=\"text-align: justify;\">Voc\u00ea fez avan\u00e7os brilhantes ao entender seu corpo, percebendo, para citar alguns, que n\u00e3o \u00e9 apenas feito de mat\u00e9ria-prima.<\/p>\n<p style=\"text-align: justify;\">Seu corpo \u00e9 iluminado, assim como todos os corpos do cosmos, todas as gal\u00e1xias.<\/p>\n<p style=\"text-align: justify;\">Por sua respira\u00e7\u00e3o, absorve part\u00edculas vitais elementares que voc\u00ea n\u00e3o pode ver, mas que os orientais conceituaram muito bem desenhando esses mapas dos principais chakras do seu corpo.<\/p>\n<p style=\"text-align: justify;\">\u00c9 assim que voc\u00ea tem a convic\u00e7\u00e3o \u00edntima de que seu corpo pode fazer muito mais coisas, somente se voc\u00ea manifestar a vontade, a f\u00e9.<\/p>\n<p style=\"text-align: justify;\">Todos voc\u00eas, em algum momento de sua vida, realizaram proezas f\u00edsicas aparentemente inconceb\u00edveis.<\/p>\n<p style=\"text-align: justify;\">Todos voc\u00eas tiveram diante de seus olhos a clara manifesta\u00e7\u00e3o de que sua mente era necessariamente superior.<\/p>\n<p style=\"text-align: justify;\">Os reflexos do corpo humano n\u00e3o passam de programa\u00e7\u00e3o ancestral. E existem tantas outras faculdades em seu corpo que voc\u00ea s\u00f3 come\u00e7a a apreender, descobrindo a hipnose, mas tamb\u00e9m, curando todos os seus medos.<\/p>\n<p style=\"text-align: justify;\">Agora voc\u00ea \u00e9 perfeitamente capaz de se elevar em alegria, em luz, permitindo assim que todas as suas c\u00e9lulas entrem em harmonia com o Plano Superior.<\/p>\n<p style=\"text-align: justify;\">Depois de alcan\u00e7ar esse estado de gra\u00e7a, paz absoluta, nada poder\u00e1 alcan\u00e7\u00e1-lo.<\/p>\n<p style=\"text-align: justify;\">Voc\u00ea pode usar a medita\u00e7\u00e3o para relaxar seu corpo, mas tamb\u00e9m para aumentar sua resist\u00eancia f\u00edsica, transmutar seus medos em aceita\u00e7\u00e3o e, finalmente, perceber que voc\u00ea \u00e9 o \u00fanico mestre a bordo.<\/p>\n<p style=\"text-align: justify;\">Tudo o que voc\u00ea deixar entrar em seu interior se manifestar\u00e1 em seu exterior. Aqui estamos falando de alegria, bom humor, alegria e gratid\u00e3o.<\/p>\n<p style=\"text-align: justify;\">Voc\u00ea pode pedir nossa ajuda, se precisar. Somos milh\u00f5es, atentos \u00e0s suas necessidades energ\u00e9ticas, atentos \u00e0 re-harmoniza\u00e7\u00e3o do seu interior \u00e0 noite.<\/p>\n<p style=\"text-align: justify;\">Vemos, sabemos que esta viagem \u00e9 uma longa oportunidade para voc\u00ea ir atr\u00e1s de si mesmo, para se conhecer melhor.<\/p>\n<p style=\"text-align: justify;\">Vamos fazer uma pergunta: O que \u00e9 doen\u00e7a?<\/p>\n<p style=\"text-align: justify;\">A doen\u00e7a, no final, \u00e9 o fato de enxertar uma desarmonia vibracional em um organismo saud\u00e1vel, usando o medo, propagando-o, gerando um estado de estresse, de medo permanente.<\/p>\n<p style=\"text-align: justify;\">Os v\u00edrus e outras bact\u00e9rias n\u00e3o passam de manifesta\u00e7\u00e3o vis\u00edvel dessa desarmonia.<\/p>\n<p style=\"text-align: justify;\">Ao manter um estado emocional e interior de paz, serenidade, aceita\u00e7\u00e3o, nada pode alcan\u00e7\u00e1-lo.<\/p>\n<p style=\"text-align: justify;\">Que voc\u00ea beba \u00e1gua cheia de germes, nada o afetar\u00e1, a doen\u00e7a s\u00f3 passar\u00e1 por voc\u00ea sem se estabelecer em voc\u00ea.<\/p>\n<p style=\"text-align: justify;\">Temos o prazer de anunciar, mais uma vez, que voc\u00eas s\u00e3o os \u00fanicos mestres a bordo.<\/p>\n<p style=\"text-align: justify;\">Recupere o controle, tenha orgulho e n\u00e3o fique desestabilizado por suas telas, seus jornais, que melhor se calam.<\/p>\n<p style=\"text-align: justify;\">Voc\u00ea pode entrar na natureza sem riscos, pode comemorar a primavera. Seu corpo \u00e9 um templo onde voc\u00ea encontrar\u00e1 paz, gentileza, se permitir que sua alma des\u00e7a at\u00e9 voc\u00ea e a inunda com seu brilho.<\/p>\n<p style=\"text-align: justify;\">Cuide do seu corpo, cuide de si mesmo, do que o rodeia.<\/p>\n<p style=\"text-align: justify;\">Existem subst\u00e2ncias viciantes em seu mundo que s\u00e3o muito mais terr\u00edveis do que qualquer coisa que j\u00e1 foi inventada.<\/p>\n<p style=\"text-align: justify;\">\u00c9 disso que os seres humanos realmente morrem, n\u00e3o de doen\u00e7as.<\/p>\n<p style=\"text-align: justify;\">Seus n\u00fameros mentem persistentemente.<\/p>\n<p style=\"text-align: justify;\">N\u00f3s somos seus e esperamos que voc\u00ea se junte a n\u00f3s em breve. Nos nossos mundos de do\u00e7ura, de luz, apenas harmonia, sa\u00fade, abund\u00e2ncia e paz existem.<\/p>\n<p style=\"text-align: justify;\">Estes s\u00e3o mundos inteiramente governados pelo princ\u00edpio do amor. N\u00e3o h\u00e1 dinheiro ou rivalidade entre n\u00f3s, mas apenas a alegria de estar juntos, de criar perfeitamente tudo o que \u00e9 \u00fatil para n\u00f3s.<\/p>\n<p style=\"text-align: justify;\">\u00c9 o pr\u00f3ximo est\u00e1gio existencial, a eterniza\u00e7\u00e3o de toda a vida, e \u00e9 o seu pr\u00f3ximo passo.<\/p>\n<p style=\"text-align: justify;\">Isso \u00e9 o que h\u00e1 muito tempo foi planejado para sua Terra, parte de cuja vida foi capaz de passar no seguinte plano vibrat\u00f3rio.<\/p>\n<p style=\"text-align: justify;\">Gostar\u00edamos que voc\u00ea tamb\u00e9m pensasse em seus irm\u00e3os do interior da Terra, que o acompanham com suas poderosas vibra\u00e7\u00f5es.<\/p>\n<p style=\"text-align: justify;\">Eles est\u00e3o com voc\u00ea o tempo todo, para apoi\u00e1-lo, porque este mundo tamb\u00e9m \u00e9 deles.<\/p>\n<p style=\"text-align: justify;\">Eles conseguiram passar por todas as etapas pelas quais voc\u00ea est\u00e1 passando atualmente.<\/p>\n<p style=\"text-align: justify;\">\u00c9 por isso que n\u00f3s, gal\u00e1cticos, observamos seu planeta e estamos felizes em poder restaurar o equil\u00edbrio de seus diferentes ecossistemas.<\/p>\n<p style=\"text-align: justify;\">N\u00f3s o abra\u00e7amos e amamos, todos os nossos pensamentos de amor, todos os nossos desejos de sucesso acompanham voc\u00ea, sabemos que seu mundo \u00e9 um mundo grande que est\u00e1 despertando e se movendo em dire\u00e7\u00e3o \u00e0 liberta\u00e7\u00e3o final, perfeito para todo o seu plano dimensional.<\/p>\n<p style=\"text-align: justify;\">Canalizado por Aur\u00e9lia Ledoux<\/p>\n<p style=\"text-align: justify;\">Compartilhado por Mensagens Celestiais:<\/p>\n<p style=\"text-align: justify;\">(<a class=\"oajrlxb2 g5ia77u1 qu0x051f esr5mh6w e9989ue4 r7d6kgcz rq0escxv nhd2j8a9 nc684nl6 p7hjln8o kvgmc6g5 cxmmr5t8 oygrvhab hcukyx3x jb3vyjys rz4wbd8a qt6c0cv9 a8nywdso i1ao9s8h esuyzwwr f1sip0of lzcic4wl py34i1dx gpro0wi8\" tabindex=\"0\" href=\"https:\/\/l.facebook.com\/l.php?u=https%3A%2F%2Fmessagescelestes.ca%2F%3Ffbclid%3DIwAR0k4I4lCnJf2K50o7CWy8SqI3rRx_fG1XIqKjTfF9YrXQrhAppRnScD8Cw&amp;h=AT3FTFmNxBr1waTeMTk91kOxiP8zbbKLs81vz3igqgKIk_pFTk7EhV5-dK7F9g-ltrzVorAZzcvR9gaCC1OWZbvG9o4Y0MUiPhkOqEmT-C2di9gy32U-q494iEUgz_QKt-RJzTu8LUlnu0dkEev5&amp;__tn__=-UK*F&amp;c[0]=AT1wSU6_NefZyj4gPbxVDo1qnzsr1nTmZly61ed86O35kVnDgIIJrWSxjn7YqfhLyaWfhndzUNL0TgUVJaDtHLVRYRthQ5oPxTqPydKWIntt8xJ6FKi-_3w85BjMbZ55ZQCQWU9C9Sk41xpV8F0xUzjTkzgeYV9-9aeLJVzOgJnzMaqD9SQX3K4\" target=\"_blank\" rel=\"nofollow noopener noreferrer\">https:\/\/messagescelestes.ca\/<\/a><\/p>\n<div class='epvc-post-count'><span class='epvc-eye'><\/span>  <span class=\"epvc-count\"> 350<\/span><span class='epvc-label'> Views<\/span><\/div>","protected":false},"excerpt":{"rendered":"<p>Chegamos hoje para oferecer a voc\u00ea esta mensagem de conforto. Somos extremamente sens\u00edveis ao que est\u00e1 acontecendo no seu mundo. Tamb\u00e9m estamos felizes em anunciar o advento da Nova Terra. Esta t\u00e3o esperada, t\u00e3o esperada Terra Prometida est\u00e1 cristalizando em voc\u00eas, meus queridos filhos, neste momento muito preciso. Estes s\u00e3o seus pensamentos, suas experi\u00eancias passadas, [&hellip;]<\/p>\n","protected":false},"author":1,"featured_media":0,"comment_status":"open","ping_status":"open","sticky":false,"template":"","format":"standard","meta":{"footnotes":""},"categories":[7],"tags":[],"class_list":["post-16538","post","type-post","status-publish","format-standard","hentry","category-espiritualidade"],"amp_enabled":true,"_links":{"self":[{"href":"https:\/\/espacodosol.com\/blog\/index.php\/wp-json\/wp\/v2\/posts\/16538","targetHints":{"allow":["GET"]}}],"collection":[{"href":"https:\/\/espacodosol.com\/blog\/index.php\/wp-json\/wp\/v2\/posts"}],"about":[{"href":"https:\/\/espacodosol.com\/blog\/index.php\/wp-json\/wp\/v2\/types\/post"}],"author":[{"embeddable":true,"href":"https:\/\/espacodosol.com\/blog\/index.php\/wp-json\/wp\/v2\/users\/1"}],"replies":[{"embeddable":true,"href":"https:\/\/espacodosol.com\/blog\/index.php\/wp-json\/wp\/v2\/comments?post=16538"}],"version-history":[{"count":0,"href":"https:\/\/espacodosol.com\/blog\/index.php\/wp-json\/wp\/v2\/posts\/16538\/revisions"}],"wp:attachment":[{"href":"https:\/\/espacodosol.com\/blog\/index.php\/wp-json\/wp\/v2\/media?parent=16538"}],"wp:term":[{"taxonomy":"category","embeddable":true,"href":"https:\/\/espacodosol.com\/blog\/index.php\/wp-json\/wp\/v2\/categories?post=16538"},{"taxonomy":"post_tag","embeddable":true,"href":"https:\/\/espacodosol.com\/blog\/index.php\/wp-json\/wp\/v2\/tags?post=16538"}],"curies":[{"name":"wp","href":"https:\/\/api.w.org\/{rel}","templated":true}]}}