{"id":16541,"date":"2020-04-19T03:09:39","date_gmt":"2020-04-19T03:09:39","guid":{"rendered":"https:\/\/espacodosol.com\/blog.br\/?p=16541"},"modified":"2020-04-19T03:09:39","modified_gmt":"2020-04-19T03:09:39","slug":"uma-mensagem-para-os-trabalhadores-da-luz","status":"publish","type":"post","link":"https:\/\/espacodosol.com\/blog\/index.php\/2020\/04\/19\/uma-mensagem-para-os-trabalhadores-da-luz\/","title":{"rendered":"Uma Mensagem para os Trabalhadores da Luz"},"content":{"rendered":"<p><img loading=\"lazy\" decoding=\"async\" class=\"alignnone size-full wp-image-16543\" src=\"https:\/\/espacodosol.com\/blog.br\/wp-content\/uploads\/2020\/04\/Trab_luz.jpg\" alt=\"\" width=\"540\" height=\"282\" \/><\/p>\n<p>A orienta\u00e7\u00e3o desta semana dos Mestres Ascensos, Gal\u00e1cticos, Elementais da Terra, Anci\u00e3os Fae, Legi\u00f5es Ang\u00e9licas e Arcanjos conhecidos como Coletivos:<\/p>\n<p>Sauda\u00e7\u00f5es, amigos! Estamos muito satisfeitos por ter esse tempo para falar com voc\u00ea hoje.<\/p>\n<p>Estamos com voc\u00eas nos c\u00f3rregos e raios da Luz superior que alcan\u00e7am seu planeta agora, e em muitos dos s\u00edmbolos, imagens, transmiss\u00f5es de energia e m\u00fasica reconfortante, muitos de voc\u00eas est\u00e3o encontrando na sua vida di\u00e1ria, e n\u00e3o \u201cpor acidente. &#8221;<\/p>\n<p>Voc\u00ea est\u00e1 sentindo nossa presen\u00e7a e a presen\u00e7a da fam\u00edlia da alma, cada vez mais, ao pedir cura, renova\u00e7\u00e3o, dire\u00e7\u00e3o e ajuda para suas fam\u00edlias, comunidades, pa\u00edses e planeta.<\/p>\n<p>Tamb\u00e9m n\u00e3o \u00e9 por acaso que voc\u00ea se encontra em uma situa\u00e7\u00e3o de toque de recolher e movimentos externos restritos.<\/p>\n<p>Pois, embora isso possa estar desencadeando para a maioria de voc\u00eas, em um grau ou outro, voc\u00ea est\u00e1 aumentando agora seu senso interno de liberdade &#8211; descobrindo o que s\u00e3o e o que isso significa para voc\u00ea.<\/p>\n<p>Falamos daquelas \u00e1reas de sua consci\u00eancia e vida interior que permanecem poderosamente no lugar, desassociadas a eventos externos e inabal\u00e1veis ??mesmo quando sentimentos de incerteza est\u00e3o sendo experimentados em escala global.<\/p>\n<p>&#8220;N\u00e3o h\u00e1 parte de mim que seja t\u00e3o corajosa!&#8221; Voc\u00ea pode estar pensando. \u201cA menos que seja pura presen\u00e7a da alma. E eu s\u00f3 tenho muito disso enquanto estou no corpo humano. \u201d<\/p>\n<p>Seguimos o que voc\u00ea quer dizer, mais uma vez, devemos garantir que, em sua crescente capacidade de viver na Unidade com toda a Cria\u00e7\u00e3o, voc\u00ea faz parte e aceita o empoderamento de for\u00e7as que, apesar de fora do seu ser f\u00edsico, ainda assim est\u00e3o conectadas a voc\u00ea de maneiras vitais. .<\/p>\n<p>\u00c9 por isso que voc\u00ea v\u00ea tantos se assegurando um ao outro agora, que por mais isolado que possa parecer estar agora, saiba que n\u00e3o est\u00e1 sozinho.<\/p>\n<p>Saiba tamb\u00e9m que, neste momento em que as tarefas e agendas habituais do dia-a-dia mudaram visivelmente ou foram colocadas em espera, voc\u00ea tamb\u00e9m mudou para um novo local de autodetermina\u00e7\u00e3o, maior sabedoria interior e maior entendimento de seu pr\u00f3prio caminho de crescimento.<\/p>\n<p>Voc\u00ea se v\u00ea diferente agora, porque voc\u00ea \u00e9 diferente.<\/p>\n<p>Foto de Sheila Fitzgerald<\/p>\n<p>Nestes tempos, \u00e1reas de sua vida e consci\u00eancia que clamam por crescimento e cura tamb\u00e9m est\u00e3o surgindo, pedindo sua aten\u00e7\u00e3o de maneiras \u00e0s vezes flagrantes e impacientes.<\/p>\n<p>Parte disso implicar\u00e1 cura f\u00edsica ou emocional, ou ambos.<\/p>\n<p>Pois em um tempo de atividade externa reduzida, geralmente h\u00e1 espa\u00e7o para o que foi varrido para um lado se apresentar, pedindo para finalmente ser ouvido.<\/p>\n<p>Por isso, pedimos que voc\u00ea n\u00e3o entre em p\u00e2nico se aspectos de sa\u00fade, relacionamentos, finan\u00e7as, vida profissional e outras \u00e1reas da vida parecerem estar subitamente em quest\u00e3o ou sofrerem de alguma forma.<\/p>\n<p>Muito est\u00e1 se aproximando agora, para que seu foco seja voltado para esses assuntos, conforme voc\u00ea chama formas mais elevadas de Amor, aceita\u00e7\u00e3o, entendimento e cura para ajud\u00e1-lo a elevar a vibra\u00e7\u00e3o dessa experi\u00eancia.<\/p>\n<p>Entenda que tudo se relaciona com a vibra\u00e7\u00e3o, que se relaciona diretamente com os padr\u00f5es da mente e os padr\u00f5es de energia que percorrem o corpo e a vida emocional, incluindo as emo\u00e7\u00f5es que voc\u00ea raramente acessa, pois est\u00e3o profundamente dentro do seu subconsciente.<\/p>\n<p>Simplesmente porque algo est\u00e1 oculto, n\u00e3o significa que ele n\u00e3o exer\u00e7a uma influ\u00eancia poderosa sobre seus pensamentos, emo\u00e7\u00f5es e qualidade de vida conscientes!<\/p>\n<p>Esses padr\u00f5es enterrados tamb\u00e9m podem afetar poderosamente seu caminho espiritual interno e, portanto, devem ser abordados em termos s\u00e9rios.<\/p>\n<p>Para qualquer \u00e1rea de d\u00favida, dor, confus\u00e3o ou incerteza agora, encorajamos voc\u00ea a ficar quieto e exigir que sua equipe espiritual de guias espirituais, guardi\u00f5es ang\u00e9licos e eu superior mostre o melhor caminho a seguir.<\/p>\n<p>Exigir orienta\u00e7\u00e3o sobre com quem falar sobre essa situa\u00e7\u00e3o (se houver) e que ajuda interna e externa ajuda a usar.<\/p>\n<p>Isso pode incluir medita\u00e7\u00f5es, visualiza\u00e7\u00f5es e cura energ\u00e9tica, para resolver n\u00e3o apenas uma situa\u00e7\u00e3o externa que o perturba, mas tamb\u00e9m a base energ\u00e9tica dela.<\/p>\n<p>Voc\u00ea viu por si mesmo que muitas situa\u00e7\u00f5es exteriores s\u00e3o cur\u00e1veis ??externamente; contudo, se o padr\u00e3o de energia subjacente n\u00e3o for curado ou dissolvido, a situa\u00e7\u00e3o se repetir\u00e1.<\/p>\n<p>Foto de Jennifer Scalia<\/p>\n<p>Pode-se dizer que essa situa\u00e7\u00e3o tipifica todo o seu planeta no momento, pois muitos se perguntam sobre o que realmente est\u00e1 acontecendo e por que.<\/p>\n<p>Eles buscam as causas energ\u00e9ticas subjacentes do que est\u00e1 acontecendo &#8211; enquanto outros se concentram principalmente na pr\u00f3pria situa\u00e7\u00e3o, como se essa fosse a quest\u00e3o principal.<\/p>\n<p>N\u00f3s garantimos que n\u00e3o \u00e9.<\/p>\n<p>Voc\u00eas est\u00e3o come\u00e7ando a ouvir cada vez mais a sua pr\u00f3pria intui\u00e7\u00e3o e a entender que muito pouco na vida \u00e9 t\u00e3o f\u00e1cil e categorizado como voc\u00ea foi treinado para acreditar.<\/p>\n<p>Muitas \u201c\u00e1reas cinzentas\u201d de mudan\u00e7as e inclina\u00e7\u00f5es sutis de energia existem dentro de sua pr\u00f3pria psique e esp\u00edrito, sem falar no mundo ao seu redor, e quanto mais cedo voc\u00ea entender isso, melhor.<\/p>\n<p>Agora seria o momento crucial para come\u00e7ar a perceber a profundidade da programa\u00e7\u00e3o mental, arrastamento e tecnologias invis\u00edveis que governam a vida humana, incluindo aquelas cren\u00e7as que consideramos pr\u00f3prias por milhares de anos.<\/p>\n<p>N\u00e3o h\u00e1 maneira f\u00e1cil de liberar o antigo, exceto se curvar \u00e0 necessidade de perceber a virada das esta\u00e7\u00f5es no seu universo e no seu planeta.<\/p>\n<p>Libere o que n\u00e3o vibra mais com a sua vida atual como. Verdadeiro para voc\u00ea, o que tamb\u00e9m pode acontecer na vida de bilh\u00f5es de outras pessoas.<\/p>\n<p>Foto de Sheila Fitzgerald<\/p>\n<p>Libere a resist\u00eancia \u00e0 mudan\u00e7a, mesmo quando parecer um caminho rochoso e in\u00e9dito.<\/p>\n<p>A vida e a compreens\u00e3o pac\u00edfica fluem muito mais facilmente quando voc\u00ea deixa de lado a necessidade de explica\u00e7\u00f5es, o status quo e coment\u00e1rios de autoridade para lev\u00e1-lo a lugares de calma e tranquilidade.<\/p>\n<p>Voc\u00ea usar\u00e1 as antigas formas de autoridade para gui\u00e1-lo, daqui para frente?<\/p>\n<p>Como isso seria poss\u00edvel, quando voc\u00eas mesmos decidirem que \u00e9 a hora de expressar individualmente e em grupo a singularidade, soberania e auto capacita\u00e7\u00e3o?<\/p>\n<p>Permita que nada seja o mesmo daqui em diante &#8211; e que voc\u00ea e esta nova era do Sat Yuga foram os que chamaram isso \u00e0 exist\u00eancia.<\/p>\n<p>N\u00e3o \u00e9 uma forma ligeiramente revisada da velha Terra, mas uma constru\u00e7\u00e3o inteiramente nova, brotada de um novo terreno, e chuva fresca, ar e luz solar.<\/p>\n<p>Voc\u00ea n\u00e3o \u00e9 a pessoa que era, mesmo um m\u00eas atr\u00e1s. E ent\u00e3o, como voc\u00ea pode repetir o que sempre soube?<\/p>\n<p>Solte-o e esteja disposto a se ver com novos olhos.<\/p>\n<p>Pois voc\u00ea \u00e9 um Ser novo e novo, cada vez mais baseado na Luz, vivendo na Luz como seu principal elemento de sustento e reforma, e ningu\u00e9m poderia det\u00ea-lo agora se tentassem.<\/p>\n<p>Namaste, amigos! Estamos sempre com voc\u00ea.<\/p>\n<p>Direitos autorais 2020, Caroline Oceana Ryan.<\/p>\n<p>sananda.website<\/p>\n<div class='epvc-post-count'><span class='epvc-eye'><\/span>  <span class=\"epvc-count\"> 407<\/span><span class='epvc-label'> Views<\/span><\/div>","protected":false},"excerpt":{"rendered":"<p>A orienta\u00e7\u00e3o desta semana dos Mestres Ascensos, Gal\u00e1cticos, Elementais da Terra, Anci\u00e3os Fae, Legi\u00f5es Ang\u00e9licas e Arcanjos conhecidos como Coletivos: Sauda\u00e7\u00f5es, amigos! Estamos muito satisfeitos por ter esse tempo para falar com voc\u00ea hoje. Estamos com voc\u00eas nos c\u00f3rregos e raios da Luz superior que alcan\u00e7am seu planeta agora, e em muitos dos s\u00edmbolos, imagens, [&hellip;]<\/p>\n","protected":false},"author":1,"featured_media":0,"comment_status":"open","ping_status":"open","sticky":false,"template":"","format":"standard","meta":{"footnotes":""},"categories":[7],"tags":[],"class_list":["post-16541","post","type-post","status-publish","format-standard","hentry","category-espiritualidade"],"amp_enabled":true,"_links":{"self":[{"href":"https:\/\/espacodosol.com\/blog\/index.php\/wp-json\/wp\/v2\/posts\/16541","targetHints":{"allow":["GET"]}}],"collection":[{"href":"https:\/\/espacodosol.com\/blog\/index.php\/wp-json\/wp\/v2\/posts"}],"about":[{"href":"https:\/\/espacodosol.com\/blog\/index.php\/wp-json\/wp\/v2\/types\/post"}],"author":[{"embeddable":true,"href":"https:\/\/espacodosol.com\/blog\/index.php\/wp-json\/wp\/v2\/users\/1"}],"replies":[{"embeddable":true,"href":"https:\/\/espacodosol.com\/blog\/index.php\/wp-json\/wp\/v2\/comments?post=16541"}],"version-history":[{"count":0,"href":"https:\/\/espacodosol.com\/blog\/index.php\/wp-json\/wp\/v2\/posts\/16541\/revisions"}],"wp:attachment":[{"href":"https:\/\/espacodosol.com\/blog\/index.php\/wp-json\/wp\/v2\/media?parent=16541"}],"wp:term":[{"taxonomy":"category","embeddable":true,"href":"https:\/\/espacodosol.com\/blog\/index.php\/wp-json\/wp\/v2\/categories?post=16541"},{"taxonomy":"post_tag","embeddable":true,"href":"https:\/\/espacodosol.com\/blog\/index.php\/wp-json\/wp\/v2\/tags?post=16541"}],"curies":[{"name":"wp","href":"https:\/\/api.w.org\/{rel}","templated":true}]}}