{"id":16556,"date":"2020-04-25T04:05:02","date_gmt":"2020-04-25T04:05:02","guid":{"rendered":"https:\/\/espacodosol.com\/blog.br\/?p=16556"},"modified":"2020-04-25T04:05:02","modified_gmt":"2020-04-25T04:05:02","slug":"sugestoes-sobre-o-atual-momento-de-desconstrucao-total-do-sistema","status":"publish","type":"post","link":"https:\/\/espacodosol.com\/blog\/index.php\/2020\/04\/25\/sugestoes-sobre-o-atual-momento-de-desconstrucao-total-do-sistema\/","title":{"rendered":"Sugest\u00f5es sobre o atual momento de &#8216;desconstru\u00e7\u00e3o total&#8217; do sistema"},"content":{"rendered":"<p style=\"text-align: justify;\"><img loading=\"lazy\" decoding=\"async\" class=\"alignnone wp-image-16557\" src=\"https:\/\/espacodosol.com\/blog.br\/wp-content\/uploads\/2020\/04\/Terra.gif\" alt=\"\" width=\"384\" height=\"349\" \/><\/p>\n<p style=\"text-align: justify;\">Queridos, gostaria de compartilhar com voc\u00eas humildemente algumas sugest\u00f5es sobre o atual momento de &#8216;desconstru\u00e7\u00e3o total&#8217; do sistema, principalmente no que toca a conduta daqueles que intencionam o Bem Maior e buscam a Verdade:<\/p>\n<p style=\"text-align: justify;\">Primeiramente, dentro da perspectiva de que absolutamente ningu\u00e9m consegue ver o quadro completo do que realmente est\u00e1 passando nos bastidores de todos os operativos que est\u00e3o ocorrendo neste momento, entendemos que nenhuma fonte \u00e9 100% precisa, e neste ponto eu tamb\u00e9m me enquadro, eu me esfor\u00e7o muito para aproximar o m\u00e1ximo que posso da verdade e mesmo assim cometerei erros ao longo do percurso, o mesmo acontece com muitos outros canais de Trabalhadores da Luz, grupos, etc, s\u00e3o pessoas que querem, e que fazem sim um bom trabalho com amor e seriedade e tamb\u00e9m tentam se aproximar ao m\u00e1ximo da verdade, \u00e9 como coletar diamantes do meio do palheiro, n\u00e3o falo aqui daqueles que sabemos que apenas trabalham com desinforma\u00e7\u00e3o, estes n\u00f3s j\u00e1 conhecemos bem como fazem e a quem servem.<\/p>\n<p style=\"text-align: justify;\">A maior guerra que estamos vivenciando agora, fora a que literalmente acontece a n\u00edvel f\u00edsico e espiritual \u00e9 a &#8216;Guerra de Informa\u00e7\u00e3o\/desinforma\u00e7\u00e3o&#8217;.<\/p>\n<p style=\"text-align: justify;\">Isso significa que em todas as mensagens existem fragmentos da verdade, de meias verdades, at\u00e9 mesmo completas desinforma\u00e7\u00f5es.<\/p>\n<p style=\"text-align: justify;\">Isso faz parte da agenda dos escuros em causar uma total desorienta\u00e7\u00e3o e obviamente como efeito disso gerar frustra\u00e7\u00e3o \u2018matando literalmente\u2019 a esperan\u00e7a nos cora\u00e7\u00f5es que buscam a verdade.<\/p>\n<p style=\"text-align: justify;\">Vemos isso acontecendo todos os dias nas m\u00eddias de massa e tamb\u00e9m na m\u00eddia alternativa, no entanto prefiro n\u00e3o me alongar muito porque sei que todos j\u00e1 entenderam o ponto em quest\u00e3o.<\/p>\n<p style=\"text-align: justify;\">Ent\u00e3o desta forma uma vez que j\u00e1 entendemos isso precisamos ampliar muito a nossa percep\u00e7\u00e3o a n\u00edvel \u00edntimo, aplicando nosso discernimento a todas as novas mensagens\/informa\u00e7\u00f5es que chegarem, e sempre usar o cora\u00e7\u00e3o e a raz\u00e3o para definir o que ressoa conosco ou n\u00e3o, filtrando o que n\u00e3o serve de cada informa\u00e7\u00e3o recebida e descartar o que n\u00e3o nos ressoa, e passo a passo vamos montando o nosso \u201cQuebra &#8211; Cabe\u00e7as\u2019, ou seja, a nossa percep\u00e7\u00e3o do quadro maior&#8230;simples assim, e o mais importante \u00e9 &#8216;N\u00c3O SE PERMITIR ENTRAR NO DRAMA DA SITUA\u00c7\u00c3O&#8217;, eu sei que isso \u00e9 muito desafiador, mas fomos preparados para esse momento, n\u00f3s sab\u00edamos que ele iria chegar e chegou, ent\u00e3o o PONTO CHAVE \u00e9 COMO VOC\u00ca ESCOLHE REAGIR DIANTE DOS FATOS?<\/p>\n<p style=\"text-align: justify;\">N\u00e3o h\u00e1 problema fazer uma publica\u00e7\u00e3o de um determinado Intel\/ mat\u00e9ria\/ etc.\u2026 que aborde um tema delicado que esteja sendo revelado no momento, porque sim ou sim a verdade vai sair e precisamos ver isso com clareza e maturidade, e claro precisamos divulgar a verdade, isso faz parte do trabalho \u00e9 nossa miss\u00e3o, mas sem nos envolver negativamente no drama gerado sobre o assunto, compreendem?<\/p>\n<p style=\"text-align: justify;\">Muitos podem dizer: &#8211; Ah, mas isso \u00e9 um absurdo o que a Cabala tem feito!<\/p>\n<p style=\"text-align: justify;\">Sim, \u00e9 um absurdo, \u00e9 cruel e muito mais que isso, no entanto o ponto aqui \u00e9 que todos estes temas que est\u00e3o sendo aos poucos revelados agora, n\u00f3s sempre soubemos que existiam, mas o fato \u00e9 que agora est\u00e1 vindo \u00e0 tona de forma mais evidente porque o sistema est\u00e1 literalmente desmoronando, e isso \u00e9 o que todos n\u00f3s quer\u00edamos, e \u00e9 por isso que trabalhamos intensamente.<\/p>\n<p style=\"text-align: justify;\">A quest\u00e3o aqui \u00e9 as &#8216;REAC\u00d5ES NEGATIVAS&#8217; que podemos perceber que muitos est\u00e3o se permitindo ao comentar sobre essa ou aquela informa\u00e7\u00e3o, at\u00e9 brigas e discuss\u00f5es pesadas est\u00e3o ocorrendo em alguns grupos, e \u00e9 exatamente isso que os escuros querem, e eles conseguem isso f\u00e1cil demais e de forma t\u00e3o s\u00fatil que voc\u00ea s\u00f3 percebe quando j\u00e1 est\u00e1 at\u00e9 ao pesco\u00e7o nas vibra\u00e7\u00f5es muito baixas, a\u00ed eu pergunto&#8230; queremos continuar assim ou vamos virar a chave e curar tudo isso?<\/p>\n<p style=\"text-align: justify;\">Percebem que \u00e9 apenas uma quest\u00e3o de escolha?<\/p>\n<p style=\"text-align: justify;\">Nada do que est\u00e1 acontecendo agora \u00e9 novidade, tudo isso j\u00e1 era esperado, e olha que o Show est\u00e1 apenas come\u00e7ando.<\/p>\n<p style=\"text-align: justify;\">Ent\u00e3o quando \u00e9 que vamos parar, respirar e entender que quanto mais alto estiver o nosso campo vibrat\u00f3rio, mais r\u00e1pido ser\u00e1 o desfecho deste momento e mais r\u00e1pido a Terra vai se curar e estaremos livres.<\/p>\n<p style=\"text-align: justify;\">Queremos a Nova Terra, queremos viver num mundo totalmente livre das sombras e sabemos que n\u00e3o estamos sozinhos nisso, temos o apoio de Grandes Consci\u00eancias que est\u00e3o neste exato momento lidando com situa\u00e7\u00f5es bastante fortes e delicadas, e tamb\u00e9m sabemos o quanto as For\u00e7as da Luz e a Alian\u00e7a em terra precisam do nosso apoio energ\u00e9tico, ent\u00e3o o que mais precisamos para entender que o nosso Padr\u00e3o Vibracional elevado agora \u00e9 imensamente precioso?<\/p>\n<p style=\"text-align: justify;\">Voc\u00eas viram como estava a Resson\u00e2ncia Schumann esses dias?<\/p>\n<p style=\"text-align: justify;\">\u00c9 um momento grandioso que estamos vivendo queridos!<\/p>\n<p style=\"text-align: justify;\">Cada pensamento, palavra, sentimento e a\u00e7\u00e3o conta nesta hora.<\/p>\n<p style=\"text-align: justify;\">Queridos estamos em um caminho sem volta, nada mais ser\u00e1 como era antes.<\/p>\n<p style=\"text-align: justify;\">O sistema como um todo est\u00e1 desmoronando e r\u00e1pido, ent\u00e3o eu sugiro que parem um pouco e respirem, fechem os olhos e sintam os vossos cora\u00e7\u00f5es, e procurem dentro de voc\u00ea um lugar seguro e calmo pra ficar e soltem.<\/p>\n<p style=\"text-align: justify;\">A agita\u00e7\u00e3o est\u00e1 muito grande dentro de muitos cora\u00e7\u00f5es, e precisamos ter agora calma e muito amor em cada pensamento e sentimento.<\/p>\n<p style=\"text-align: justify;\">Entendam que cada qual que cometeu crimes horr\u00edveis contra a humanidade e todo este Planeta ser\u00e1 julgado por Consci\u00eancias Superiores e receber\u00e3o o que lhes cabe, isso n\u00e3o cabe a n\u00f3s entendem.<\/p>\n<p style=\"text-align: justify;\">Claro que sentimos dor ao ver os detalhes do que sabemos que estes escuros fazem, e n\u00e3o tem nada de errado nisso em sentir isso&#8230; \u00e9 natural, se n\u00e3o fosse assim ser\u00edamos frios etc.., no entanto se permanecermos nesta vibra\u00e7\u00e3o por muito tempo vamos adoecer nosso campo de energia e lan\u00e7ar essa mesma energia ao coletivo e consequentemente fazer um desservi\u00e7o ao planeta que tanto precisa de n\u00f3s agora, al\u00e9m de comprometer seriamente a nossa jornada de alma&#8230;voc\u00eas querem isso? Certamente n\u00e3o&#8230;<\/p>\n<p style=\"text-align: justify;\">Ent\u00e3o eu fa\u00e7o um pedido de Alma a voc\u00eas para que assumam o vosso Poder Soberano cujo alicerce \u00e9 o mais puro Amor, foquem em contribuir com a sua energia ao planeta agora e deixem o resto do trabalho para quem est\u00e1 em campo, estamos onde temos que estar e faremos a parte que nos cabe, ent\u00e3o apenas curem o planeta e cada alma que est\u00e1 sendo resgatada agora com o poder da sua inten\u00e7\u00e3o individual e coletiva, come\u00e7ando por curar a si mesmo.<\/p>\n<p style=\"text-align: justify;\">Organizem o seu tempo para fazer medita\u00e7\u00f5es di\u00e1rias da forma que voc\u00ea sentir que deve fazer, n\u00e3o espere que um determinado grupo o fa\u00e7a para voc\u00ea seguir, apenas fa\u00e7a a sua pr\u00f3pria e todos estaremos fazendo juntos, VOC\u00caS S\u00c3O SOBERANOS! Apenas fa\u00e7am essa escolha, entendem como isso muda tudo?<\/p>\n<p style=\"text-align: justify;\">Nunca sigam cegamente nenhum guru, ou canal, ou seja, l\u00e1 quem for, sejam o seu pr\u00f3prio mestre, inspirem que outros fa\u00e7am o mesmo, e quando isso acontecer de verdade teremos dado um grandioso salto rumo a nossa mais poderosa conex\u00e3o com a fonte, e o resultado disso n\u00e3o preciso detalhar, voc\u00eas j\u00e1 sabem.<\/p>\n<p style=\"text-align: justify;\">Finalizo reiterando esse pedido, vamos somar nossos cora\u00e7\u00f5es e soltar de uma vez por todas as velhas energias.<\/p>\n<p style=\"text-align: justify;\">Fa\u00e7am sim as publica\u00e7\u00f5es da verdade seja ela como for, isso faz parte do trabalho, mas tamb\u00e9m n\u00e3o se esque\u00e7am de quem voc\u00eas s\u00e3o e para que est\u00e3o encarnados agora, meditem muito nestes tempos, orem muito, tirem um tempo para apenas curarem a si mesmos e o planeta.<\/p>\n<p style=\"text-align: justify;\">Por essa raz\u00e3o todos os dias \u00e0s 22:00 hrs &#8211; Hora de Bras\u00edlia eu estarei em Medita\u00e7\u00e3o enviando as mais altas vibra\u00e7\u00f5es de amor e luz que eu puder para fortalecer os trabalhos das For\u00e7as da Luz.<\/p>\n<p style=\"text-align: justify;\">Convido a quem quiser se unir, podemos fazer um grande trabalho juntos como j\u00e1 fizemos!<\/p>\n<p style=\"text-align: justify;\">N\u00e3o faremos uma medita\u00e7\u00e3o guiada para isso, faremos cada um d\u00e1 sua forma.<\/p>\n<p style=\"text-align: justify;\">Visualize o que o seu cora\u00e7\u00e3o sentir que deve visualizar, ESSA SER\u00c1 UMA MEDITA\u00c7\u00c3O SOBERANA.<\/p>\n<p style=\"text-align: justify;\">Cada qual far\u00e1 como o seu cora\u00e7\u00e3o lhe guiar, e eu tenho certeza que ser\u00e1 uma poderosa movimenta\u00e7\u00e3o de energias de cura para o planeta.<\/p>\n<p style=\"text-align: justify;\">Convido a todos que ressoam com este pedido que se poss\u00edvel criem v\u00eddeos e banners sobre essa Medita\u00e7\u00e3o di\u00e1ria das 22 hrs para prote\u00e7\u00e3o e fortalecimento dos trabalhos das For\u00e7as da Luz que est\u00e3o em campo, e tamb\u00e9m para aliviar e curar o sofrimento das Almas que est\u00e3o sendo resgatadas.<\/p>\n<p style=\"text-align: justify;\">Ou seja, criem esse momento como voc\u00ea sentir que pode, e certamente faremos o nosso melhor.<\/p>\n<p style=\"text-align: justify;\">Todos os dias a partir de hoje estarei em conex\u00e3o junto a todos que se somarem as 22 hrs &#8211; Hora de Bras\u00edlia.<\/p>\n<p style=\"text-align: justify;\">A nossa arma \u00e9 a for\u00e7a dos nossos cora\u00e7\u00f5es unidos em Amor!<\/p>\n<p style=\"text-align: justify;\">Todos Juntos por Gaia!<\/p>\n<p style=\"text-align: justify;\">Vit\u00f3ria da Luz!<\/p>\n<div class='epvc-post-count'><span class='epvc-eye'><\/span>  <span class=\"epvc-count\"> 414<\/span><span class='epvc-label'> Views<\/span><\/div>","protected":false},"excerpt":{"rendered":"<p>Queridos, gostaria de compartilhar com voc\u00eas humildemente algumas sugest\u00f5es sobre o atual momento de &#8216;desconstru\u00e7\u00e3o total&#8217; do sistema, principalmente no que toca a conduta daqueles que intencionam o Bem Maior e buscam a Verdade: Primeiramente, dentro da perspectiva de que absolutamente ningu\u00e9m consegue ver o quadro completo do que realmente est\u00e1 passando nos bastidores de [&hellip;]<\/p>\n","protected":false},"author":1,"featured_media":0,"comment_status":"open","ping_status":"open","sticky":false,"template":"","format":"standard","meta":{"footnotes":""},"categories":[7],"tags":[],"class_list":["post-16556","post","type-post","status-publish","format-standard","hentry","category-espiritualidade"],"amp_enabled":true,"_links":{"self":[{"href":"https:\/\/espacodosol.com\/blog\/index.php\/wp-json\/wp\/v2\/posts\/16556","targetHints":{"allow":["GET"]}}],"collection":[{"href":"https:\/\/espacodosol.com\/blog\/index.php\/wp-json\/wp\/v2\/posts"}],"about":[{"href":"https:\/\/espacodosol.com\/blog\/index.php\/wp-json\/wp\/v2\/types\/post"}],"author":[{"embeddable":true,"href":"https:\/\/espacodosol.com\/blog\/index.php\/wp-json\/wp\/v2\/users\/1"}],"replies":[{"embeddable":true,"href":"https:\/\/espacodosol.com\/blog\/index.php\/wp-json\/wp\/v2\/comments?post=16556"}],"version-history":[{"count":0,"href":"https:\/\/espacodosol.com\/blog\/index.php\/wp-json\/wp\/v2\/posts\/16556\/revisions"}],"wp:attachment":[{"href":"https:\/\/espacodosol.com\/blog\/index.php\/wp-json\/wp\/v2\/media?parent=16556"}],"wp:term":[{"taxonomy":"category","embeddable":true,"href":"https:\/\/espacodosol.com\/blog\/index.php\/wp-json\/wp\/v2\/categories?post=16556"},{"taxonomy":"post_tag","embeddable":true,"href":"https:\/\/espacodosol.com\/blog\/index.php\/wp-json\/wp\/v2\/tags?post=16556"}],"curies":[{"name":"wp","href":"https:\/\/api.w.org\/{rel}","templated":true}]}}