{"id":16566,"date":"2020-05-05T01:48:59","date_gmt":"2020-05-05T01:48:59","guid":{"rendered":"https:\/\/espacodosol.com\/blog.br\/?p=16566"},"modified":"2020-05-05T01:48:59","modified_gmt":"2020-05-05T01:48:59","slug":"16566-2","status":"publish","type":"post","link":"https:\/\/espacodosol.com\/blog\/index.php\/2020\/05\/05\/16566-2\/","title":{"rendered":"SaLuSa &#8211; &#8220;Sobre o n\u00e3o cumprimento das velhas profecias (negativas)&#8221;"},"content":{"rendered":"<p><img loading=\"lazy\" decoding=\"async\" class=\"alignnone size-full wp-image-16567\" src=\"https:\/\/espacodosol.com\/blog.br\/wp-content\/uploads\/2020\/05\/Salusa.jpg\" alt=\"\" width=\"320\" height=\"309\" \/><\/p>\n<p style=\"text-align: justify;\">Como se pode esperar, as profecias v\u00eam e v\u00e3o, e ireis ver que, periodicamente, certos grupos sentir-se-\u00e3o como se tivessem sido guiados para uma profecia que apoia as suas cren\u00e7as.<\/p>\n<p style=\"text-align: justify;\">Podeis interrogar-vos com \u00e9 que isto acontece, e em muitos casos \u00e9 o resultado da energia dada a um acontecimento de significado religioso.<\/p>\n<p style=\"text-align: justify;\">Pode-se reportar a centenas e mesmo milhares de anos, tornando-se t\u00e3o poderosas que ir\u00e3o prevalecer na consci\u00eancia dos seus seguidores que as trazem a uma conclus\u00e3o.<\/p>\n<p style=\"text-align: justify;\">O fator que resulta num n\u00e3o acontecimento \u00e9 mais prov\u00e1vel porque os tempos mudaram, juntamente com os n\u00edveis de consci\u00eancia e a Luz tornou-se o pacificador.<\/p>\n<p style=\"text-align: justify;\">Como resultado disso a previs\u00e3o n\u00e3o vai para diante e n\u00e3o se manifesta.<\/p>\n<p style=\"text-align: justify;\">Por outras palavras, j\u00e1 n\u00e3o \u00e9 mais preciso trazer as mudan\u00e7as que se esperavam, porque a Humanidade moveu-se para outro padr\u00e3o de exist\u00eancia.<\/p>\n<p style=\"text-align: justify;\">Por esta raz\u00e3o, o Apocalipse n\u00e3o ir\u00e1 acontecer como era esperado, embora ainda hajam muitas mudan\u00e7as na Terra, mas que j\u00e1 n\u00e3o est\u00e3o associadas com a mortandade e a destrui\u00e7\u00e3o maci\u00e7a.<\/p>\n<p>Se poss\u00edvel, as pessoas devem concentrar-se nos aspectos positivos das mudan\u00e7as, e como recomendamos tantas vezes, devem manter focada a vis\u00e3o da Nova Terra.<\/p>\n<p style=\"text-align: justify;\">Estes tempos ir\u00e3o ser confusos para muitas almas que n\u00e3o est\u00e3o certas do que devem esperar, e os acontecimentos n\u00e3o s\u00e3o ajudados pelas atividades dos que pertencem \u00e0s trevas.<\/p>\n<p style=\"text-align: justify;\">Eles planearam representar acontecimentos paralelos \u00e0s profecias para ir de encontro \u00e0s expectativas das pessoas que, evidentemente, alimentam o fator \u201cmedo.\u201d Sabemos dessas inten\u00e7\u00f5es, e dentro de certos limites devido a situa\u00e7\u00f5es k\u00e1rmicas, podemos impedi-las de acontecer.<\/p>\n<p style=\"text-align: justify;\">Impedimos uma Terceira Guerra Mundial, a destrui\u00e7\u00e3o da Terra, e pragas e doen\u00e7as de tais propor\u00e7\u00f5es que teriam dizimado a vossa popula\u00e7\u00e3o. Isso esteve de acordo com as nossas responsabilidades para que voc\u00eas atingissem em seguran\u00e7a o ponto da Ascens\u00e3o, e que a oportunidade de ascender n\u00e3o vos fosse negada.<\/p>\n<p>Pode n\u00e3o parecer isso, mas estais a erguer-vos das vibra\u00e7\u00f5es mais baixas, e \u00e0 medida que o fazeis, as atividades das trevas ir\u00e3o diminuir, porque a Luz est\u00e1 a enfraquecer o seu poder.<\/p>\n<p style=\"text-align: justify;\">Em resumo, estamos a progredir em dire\u00e7\u00e3o aos nossos alvos para fazer as grandes mudan\u00e7as que ir\u00e3o ver os das trevas afastados. Por isso, tenham a certeza que mesmo que voc\u00eas desconhe\u00e7am os detalhes, estamos a alcan\u00e7ar os nossos objetivos para ter os assuntos em andamento.<\/p>\n<p style=\"text-align: justify;\">Quando come\u00e7a n\u00e3o pode haver outro resultado, porque o Plano Divino ir\u00e1 manifestar-se sejam quais forem os acontecimentos exteriores. \u00c9 por isso que vos recordamos ocasionalmente, que a Luz j\u00e1 alcan\u00e7ou a vit\u00f3ria que vos foi prometida.<\/p>\n<p style=\"text-align: justify;\">N\u00e3o h\u00e1 raz\u00e3o absolutamente nenhuma para ter medo, e seja o que for que planeiem para v\u00f3s pr\u00f3prios, para irem at\u00e9 ao fim dos tempos, assim ir\u00e1 ser.<\/p>\n<p><a name=\"more\"><\/a>Estamos a manter-vos a olhar para a frente, porque ir\u00e1 chegar um tempo em que o passado ir\u00e1 ter pouca influ\u00eancia sobre v\u00f3s. Uma vez que tenham ascendido e os vossos n\u00edveis de consci\u00eancia se tenham expandido largamente, ireis desligar-vos das mem\u00f3rias de ter estado nas vibra\u00e7\u00f5es mais baixas.<\/p>\n<p style=\"text-align: justify;\">J\u00e1 n\u00e3o ter\u00e3o qualquer import\u00e2ncia, mas, de qualquer maneira, a experi\u00eancia que adquiriste ir\u00e1 permanecer convosco para sempre. Estais sempre numa jornada espiritual a procurar o vosso caminho de regresso \u00e0 Fonte, e isso aplica-se a todas as almas sem excep\u00e7\u00e3o.<\/p>\n<p style=\"text-align: justify;\">Por isso, podeis ver que quando encontrardes outras almas, ireis ver que tendes muito em comum e n\u00e3o apenas o que originalmente trouxeram da Fonte. Escolhestes experimentar separar-vos dessa mesma Fonte e aceitar o desafio de recuperar a vossa Luz, e os n\u00edveis de consci\u00eancia que iriam restaurar as mem\u00f3rias subconscientes do vosso verdadeiro Eu.<\/p>\n<p style=\"text-align: justify;\">Isso foi alcan\u00e7ado por muitos de v\u00f3s, e foi esse \u00eaxito que permitiu que mais tempo fosse concedido para o maior n\u00famero de almas poss\u00edvel ascender. De outro modo j\u00e1 n\u00e3o estar\u00edeis aqui, nesta \u00e9poca, mas ter\u00edeis completado as vossas jornadas com a chegada do Mil\u00eanio.<\/p>\n<p>Por isso, Queridos, podeis compreender a admira\u00e7\u00e3o e o amor que vai at\u00e9 v\u00f3s das dimens\u00f5es mais altas, porque o vosso \u00eaxito foi conseguido apenas pela vossa dedica\u00e7\u00e3o e forte inten\u00e7\u00e3o de ultrapassar todos os obst\u00e1culos.<\/p>\n<p style=\"text-align: justify;\">Verdadeiramente, sois seres magn\u00edficos, e num futuro pr\u00f3ximo ireis estar ao nosso lado como seres plenamente conscientes. Sejam quais forem as vossas experi\u00eancias terrenas, n\u00e3o se diminuam, porque a verdadeira raz\u00e3o para estardes na Terra foi mergulhar nas vibra\u00e7\u00f5es mais baixas.<\/p>\n<p style=\"text-align: justify;\">O fator mais importante foi o que aprendestes com essa experi\u00eancia, e n\u00e3o o que foi alcan\u00e7ado, porque todos v\u00f3s sentistes a atra\u00e7\u00e3o das energias das trevas.<\/p>\n<p style=\"text-align: justify;\">Como \u00e9 que poderiam ter aprendido a lidar com elas, e compreender completamente a maneira de as vencer? N\u00e3o sois chamados de pecadores, como alguns de v\u00f3s acreditam, e a vida na Terra significa viv\u00ea-la e escolher quaisquer experi\u00eancias que avancem o vosso conhecimento e vos conduzam de novo para a Luz.<\/p>\n<p>Todos tivestes tantas experi\u00eancias na dualidade que \u00e9 compreens\u00edvel que sintam que agora \u00e9 tempo de mudar. Para muitas almas n\u00e3o haver\u00e1 muita coisa ainda para aprender, e tendo restabelecido uma liga\u00e7\u00e3o muito forte com a Luz, estais prontos a elevar-vos. Tem estado a ser constru\u00edda atrav\u00e9s dos s\u00e9culos, e grandes seres caminharam na Terra para vos ajudar a compreender a verdade da vossa divindade.<\/p>\n<p style=\"text-align: justify;\">Os ensinamentos deles podem ter sido distorcidos, mas isso ainda torna tudo mais not\u00e1vel que voc\u00eas tenham encontrado a vossa Luz. O amor \u00e9 a palavra-chave para o vosso avan\u00e7o, quer o recebam ou quer o d\u00eaem, e quando atingirem o ponto de o dar sem condi\u00e7\u00f5es, sois real mente Um com a Consci\u00eancia Cr\u00edstica.<\/p>\n<p style=\"text-align: justify;\">Falamos do Amor Incondicional, e isso significa dar sem julgar, e n\u00e3o desejar nada em retribui\u00e7\u00e3o por fazer isso. Os humanos t\u00eam tend\u00eancia para manter uma mentalidade que coloca condi\u00e7\u00f5es para dar Amor, e isto \u00e9 uma li\u00e7\u00e3o a aprender, porque estais a entrar no per\u00edodo final que conduz \u00e0 Ascens\u00e3o.<\/p>\n<p style=\"text-align: justify;\">Fa\u00e7am apenas o vosso melhor e ireis achar que \u00e9 melhor pensar assim, e ir\u00e1 chegar com o aumento dos n\u00edveis de consci\u00eancia.<\/p>\n<p>Eu sou SaLuSa, de S\u00edrius, e confio que, com as nossas mensagens, voc\u00eas adquiram lentamente uma compreens\u00e3o melhor do que a Federa\u00e7\u00e3o Gal\u00e1ctica representa.<\/p>\n<p style=\"text-align: justify;\">N\u00f3s somos v\u00f3s, e somos do vosso futuro, e ireis facilmente mover-vos do vosso modo de vida actual, para um modo que ir\u00e1 ver-vos finalmente a ocupar o lugar de verdadeiros Seres Gal\u00e1cticos.<\/p>\n<p style=\"text-align: justify;\">Achamos este tempo verdadeiramente emocionante, pela perspectiva de vos convidar, de novo, para onde realmente pertenceis \u2013 como Sementes das Estrelas.<\/p>\n<p>Obrigado SaLuSa,<\/p>\n<p>Mike Quinsey.<\/p>\n<p><b>Website:\u00a0<a href=\"http:\/\/www.treeofthegoldenlight.com\/Mike%20Quinsey\/Channeled_Messages_by_Mike_Quinsey.htm\" target=\"_blank\" rel=\"noopener noreferrer\">Tree of the Golden Light<\/a><\/b><br \/>\n<b>Tradu\u00e7\u00e3o: Maria Luisa de Vasconcellos (luisavasconcellos@hotmail.com)<\/b><br \/>\n<b>Locu\u00e7\u00e3o: Sandra Gorni<\/b><\/p>\n<div style=\"text-align: justify;\"><b>Veja mais mensagens do SaLuSa\u00a0<a href=\"http:\/\/sementesdasestrelas.blogspot.com.br\/search\/label\/SaLuSa\" target=\"_blank\" rel=\"noopener noreferrer\">Aqui<\/a>\u00a0<\/b><\/div>\n<div class='epvc-post-count'><span class='epvc-eye'><\/span>  <span class=\"epvc-count\"> 422<\/span><span class='epvc-label'> Views<\/span><\/div>","protected":false},"excerpt":{"rendered":"<p>Como se pode esperar, as profecias v\u00eam e v\u00e3o, e ireis ver que, periodicamente, certos grupos sentir-se-\u00e3o como se tivessem sido guiados para uma profecia que apoia as suas cren\u00e7as. Podeis interrogar-vos com \u00e9 que isto acontece, e em muitos casos \u00e9 o resultado da energia dada a um acontecimento de significado religioso. Pode-se reportar [&hellip;]<\/p>\n","protected":false},"author":1,"featured_media":0,"comment_status":"open","ping_status":"open","sticky":false,"template":"","format":"standard","meta":{"footnotes":""},"categories":[7],"tags":[],"class_list":["post-16566","post","type-post","status-publish","format-standard","hentry","category-espiritualidade"],"amp_enabled":true,"_links":{"self":[{"href":"https:\/\/espacodosol.com\/blog\/index.php\/wp-json\/wp\/v2\/posts\/16566","targetHints":{"allow":["GET"]}}],"collection":[{"href":"https:\/\/espacodosol.com\/blog\/index.php\/wp-json\/wp\/v2\/posts"}],"about":[{"href":"https:\/\/espacodosol.com\/blog\/index.php\/wp-json\/wp\/v2\/types\/post"}],"author":[{"embeddable":true,"href":"https:\/\/espacodosol.com\/blog\/index.php\/wp-json\/wp\/v2\/users\/1"}],"replies":[{"embeddable":true,"href":"https:\/\/espacodosol.com\/blog\/index.php\/wp-json\/wp\/v2\/comments?post=16566"}],"version-history":[{"count":0,"href":"https:\/\/espacodosol.com\/blog\/index.php\/wp-json\/wp\/v2\/posts\/16566\/revisions"}],"wp:attachment":[{"href":"https:\/\/espacodosol.com\/blog\/index.php\/wp-json\/wp\/v2\/media?parent=16566"}],"wp:term":[{"taxonomy":"category","embeddable":true,"href":"https:\/\/espacodosol.com\/blog\/index.php\/wp-json\/wp\/v2\/categories?post=16566"},{"taxonomy":"post_tag","embeddable":true,"href":"https:\/\/espacodosol.com\/blog\/index.php\/wp-json\/wp\/v2\/tags?post=16566"}],"curies":[{"name":"wp","href":"https:\/\/api.w.org\/{rel}","templated":true}]}}