{"id":16570,"date":"2020-05-08T02:11:21","date_gmt":"2020-05-08T02:11:21","guid":{"rendered":"https:\/\/espacodosol.com\/blog.br\/?p=16570"},"modified":"2020-05-08T02:11:21","modified_gmt":"2020-05-08T02:11:21","slug":"previsao-da-energia-para-maio-2020","status":"publish","type":"post","link":"https:\/\/espacodosol.com\/blog\/index.php\/2020\/05\/08\/previsao-da-energia-para-maio-2020\/","title":{"rendered":"Previs\u00e3o da energia para Maio\/2020"},"content":{"rendered":"<p><img loading=\"lazy\" decoding=\"async\" class=\"alignnone size-full wp-image-16571\" src=\"https:\/\/espacodosol.com\/blog.br\/wp-content\/uploads\/2020\/05\/maio_2020.jpg\" alt=\"\" width=\"620\" height=\"387\" \/><\/p>\n<p style=\"text-align: justify;\">Pronto para uma mudan\u00e7a na energia?<\/p>\n<p>Depois do que experienciamos em Abril, talvez voc\u00ea n\u00e3o seja t\u00e3o r\u00e1pido em responder.<\/p>\n<p style=\"text-align: justify;\">Deixe-me reformular isso: Voc\u00ea est\u00e1 pronto para colocar em pr\u00e1tica o que aprendeu e come\u00e7ar a sentir que est\u00e1 mais no controle de sua realidade?<\/p>\n<p>Assim, Maio \u00e9 o m\u00eas que voc\u00ea desfrutar\u00e1, dependendo de onde voc\u00ea est\u00e1 na sua transforma\u00e7\u00e3o e o que est\u00e1 acontecendo em sua vida. O karma aparece em grande escala em Maio, assim como a transforma\u00e7\u00e3o e, em geral, \u00e9 um m\u00eas para auto-capacita\u00e7\u00e3o, autoconsci\u00eancia, resili\u00eancia e novos alinhamentos.<\/p>\n<p><a id=\"more\" name=\"more\"><\/a><br \/>\nTemos grandes movimentos de energia em Maio, algumas mudan\u00e7as astrol\u00f3gicas poderosas e novos alinhamentos, algumas explos\u00f5es do passado.. Mas n\u00e3o se preocupe, e nem tenha medo de que n\u00e3o seja f\u00e1cil ou muito dif\u00edcil. Esta \u00e9 a nossa jornada para a congru\u00eancia energ\u00e9tica, nossa jornada cont\u00ednua de &#8216;Tornar-se 360&#8217;, passando da cura \u00e0 totalidade para a congru\u00eancia e do alinhamento \u00e0 integra\u00e7\u00e3o e \u00e0 mestria.<\/p>\n<p>Maio come\u00e7a um novo est\u00e1gio em nosso ciclo de ascens\u00e3o e na integra\u00e7\u00e3o 3D \/ 5D, \u00e0 medida que experimentamos algo que quer\u00edamos ver por muitas vidas, um despertar coletivo. Isso n\u00e3o significa que terminamos nosso trabalho porque acabamos de entrar em novos n\u00edveis de ascens\u00e3o.<\/p>\n<p>O que isso significa \u00e9 que o Guardi\u00e3o do Portal , o trabalhador da luz, o mantenedor da energia, da cust\u00f3dia da energia,da cura e do trabalho de transforma\u00e7\u00e3o que realizamos por tanto tempo, assume uma dimens\u00e3o diferente para n\u00f3s, enquanto entregamos o bast\u00e3o a outras pessoas que possam fazer o trabalho pesado e passarmos para nossos novos paradigmas da 5D.<\/p>\n<p>Veremos uma lacuna de energia muito grande entre aqueles que est\u00e3o despertos e os que ainda dormem &#8211; estejam eles fazendo essa escolha consciente ou inconscientemente. Estamos em novos n\u00edveis de integra\u00e7\u00e3o, onde podemos ver a densidade da 3D agora, \u00e9 o que estamos vendo na tirania que foi exposta por eventos recentes &#8211; e o mesmo acontece com todos os outros.<\/p>\n<p>Ent\u00e3o, o que isso significa? Prepare-se para milagres, ligue os motores dos seus sonhos novamente e, se voc\u00ea estiver parado por um tempo, prepare-se para agir.<\/p>\n<p>Maio chegou e a ascens\u00e3o est\u00e1 em alta velocidade.<\/p>\n<p>Maio inicia um novo ciclo de 19 anos \u00e0 medida que os nodos passam de C\u00e2ncer para G\u00eameos, o que eles fizeram anteriormente em Outubro de 2001 e Mar\u00e7o de 1983. O que estava acontecendo no mundo ent\u00e3o? Existem semelhan\u00e7as no que est\u00e1 acontecendo no mundo hoje e o que ocorreu em Outubro de 2001?<\/p>\n<p>Interessante como essas coisas funcionam &#8230; E em Maio, temos temas poderosos de transforma\u00e7\u00e3o versus mudan\u00e7a, autoconsci\u00eancia versus medo e empoderamento versus domina\u00e7\u00e3o. Estamos em plena integra\u00e7\u00e3o da ascens\u00e3o 3D \/ 5D e tudo est\u00e1 acontecendo agora.<\/p>\n<p>Maio come\u00e7a com uma grande mudan\u00e7a de energia \u00e0 medida que avan\u00e7amos para um novo paradigma coletivo de despertar e conscientiza\u00e7\u00e3o. N\u00f3s experienciamos um evento que foi compartilhado por quase todos no mundo e este \u00e9 um exemplo de nosso n\u00edvel de conex\u00e3o agora, \u00e0 medida que avan\u00e7amos no caminho da ascens\u00e3o.<\/p>\n<p>Existe uma consci\u00eancia global de tudo, em todos os lugares, por todos. N\u00e3o estamos muito desconectados, sabemos o que est\u00e1 acontecendo em todos os lugares, para todos, o tempo todo. Isso nos tornou mais conscientes de nossa humanidade compartilhada e tamb\u00e9m levou a alcan\u00e7ar coletivamente um maior n\u00edvel de divindade.<\/p>\n<p>E \u00e9 disso que se trata a ascens\u00e3o. N\u00f3s chegamos.<\/p>\n<p>Mas a jornada ainda n\u00e3o acabou e ainda estamos engajados em uma batalha por nossa liberdade energ\u00e9tica, o que vemos personificada no bloqueio global e na tomada de poder por governos e pol\u00edticos de todo o mundo que procuram capitalizar esse evento para se desgastar ainda mais as liberdades individuais e a liberdade pessoal.<\/p>\n<p>Isto n\u00e3o est\u00e1 funcionando, contudo. Coletivamente, percebemos que n\u00e3o podemos ser livres e soberanos quando somos dominados pela tirania. Lembre-se de que quanto mais pessoas despertam precisam de mais energia, assim as transmiss\u00f5es de energia neste m\u00eas ser\u00e3o intensas.<\/p>\n<p>Esteja preparado para cochilos, exaust\u00e3o, motiva\u00e7\u00e3o e muito trabalho energ\u00e9tico multidimensional, o que geralmente significa n\u00e3o dormir at\u00e9 depois das quatro da manh\u00e3.<\/p>\n<p>Primeiro voc\u00ea tem que ver a escurid\u00e3o para poder procurar e encontrar a luz. Abril foi um m\u00eas sombrio para muitos e Maio traz uma nova luz da verdade e do entendimento. \u00c9 um momento de empoderamento, ainda que esteja cercado de desempoderamento. Estamos vendo as entranhas profundas e escuras da 3D agora, toda a corrup\u00e7\u00e3o, o mal, o controle, a domina\u00e7\u00e3o e o desempoderamento.<\/p>\n<p>Por muitos anos, eu disse que a 3D \u00e9 o paradigma do poder, da domina\u00e7\u00e3o e do controle, enquanto a 5D \u00e9 o paradigma da conex\u00e3o, da colabora\u00e7\u00e3o, da comunidade e do empoderamento. Vou acrescentar a autoconsci\u00eancia a isso, bem como a correla\u00e7\u00e3o, porque, como estamos descobrindo, isto \u00e9 uma co-rela\u00e7\u00e3o entre todos n\u00f3s e isto est\u00e1 ficando cada vez mais pr\u00f3ximo e mais estreito.<\/p>\n<p>Estamos vendo a verdade versus o que acreditamos, o que podemos ver e o que foi escondido de n\u00f3s. Isso ir\u00e1 acontecer em nossas realidades individuais e coletivas.<\/p>\n<p>Isso pode ser uma revela\u00e7\u00e3o de segredos de fam\u00edlia, onde voc\u00ea descobre contatos, atividades secretas mantidas h\u00e1 muito tempo ou encontra novos membros da fam\u00edlia gra\u00e7as ao teste de DNA. No n\u00edvel coletivo, tratar\u00e1 de trai\u00e7\u00e3o, de corrup\u00e7\u00e3o e do desrespeito \u00e0 vida e ao sofrimento humanos por organiza\u00e7\u00f5es e figuras pol\u00edticas entrincheiradas.<\/p>\n<p>Aprender novas verdades \u00e9 dif\u00edcil, especialmente quando elas desafiam o alicerce da verdade em que nossa realidade se baseia. Mas sem essas verdades, n\u00e3o podemos encerrar os ciclos c\u00e1rmicos e acabar com com as energias do passado, \u00e0 medida que trocamos de marcha em nosso trabalho de ascens\u00e3o da integra\u00e7\u00e3o 3D \/ 5D.<\/p>\n<p>Temos que fechar a porta para o que drena a nossa energia, nos mant\u00e9m em ciclos de energia limitantes, mant\u00e9m nossas conex\u00f5es c\u00e1rmicas e nos causa dor, pesar, vergonha e falta de poder. A nova era da divindade empoderada est\u00e1 aqui &#8211; e requer a libera\u00e7\u00e3o do nosso fardo energ\u00e9tico da dor.<\/p>\n<p>O campo de energia coletiva \u00e9 maior, mais elevado, mais forte e se move a uma vibra\u00e7\u00e3o muito mais r\u00e1pida agora, o que significa que tudo est\u00e1 acontecendo mais rapidamente, e a densidade mais escura da 3D est\u00e1 sendo eliminada do campo de energia coletiva e est\u00e1 sendo substitu\u00edda por uma vibra\u00e7\u00e3o muito mais elevada, por uma energia mais leve.<\/p>\n<p>Seremos tamb\u00e9m solicitados a avan\u00e7ar para as fases de transforma\u00e7\u00e3o da ascens\u00e3o, em vez de permanecermos nas fases de mudan\u00e7a muito mais seguras, mais lentas e menos invasivas em que estivemos. Essa \u00e9 a diferen\u00e7a entre mergulhar o dedo na \u00e1gua ou pular no fundo do po\u00e7o. Eu chamo a isso de momentos de &#8216;molhar o cabelo&#8217;, j\u00e1 que voc\u00ea n\u00e3o est\u00e1 realmente na piscina se n\u00e3o molhou realmente o cabelo.<\/p>\n<p>Temos que liberar nosso medo e estar abertos a novos potenciais \u00e0 medida que nossa consci\u00eancia se expande. N\u00e3o tememos o &#8216;medo&#8217;, o medo n\u00e3o \u00e9 uma coisa. Temos medo das consequ\u00eancias, por isso temos que transformar esse di\u00e1logo interno que est\u00e1 nos impedindo de repetir o passado para permitir que um novo potencial se torne poss\u00edvel. E se n\u00e3o houvesse consequ\u00eancias a serem repetidas, o que seria poss\u00edvel?<\/p>\n<p>A Lua cheia no dia 7 de Maio est\u00e1 no eixo Escorpi\u00e3o \/ Touro e com Merc\u00fario em conjun\u00e7\u00e3o. Esteja pronto para algumas revela\u00e7\u00f5es c\u00e1rmicas e energias complicadas. Merc\u00fario rege o karma, portanto, sempre que \u00e9 fortemente aspectado, ocorre algum tipo de energia c\u00e1rmica.<\/p>\n<p>A lua nova no dia 22 est\u00e1 em G\u00eameos, com destaque para a entrada de nodos em G\u00eameos e, finalmente, nos dando um aspecto \u00fatil a Chiron, o curador ferido, que esteve sob a energia pesada por meses. Isso nos dar\u00e1 algum espa\u00e7o para respirar enquanto nos preparamos para os eclipses de Junho e a grande temporada retr\u00f3grada que come\u00e7a em Maio e vai at\u00e9 o final do ano.<\/p>\n<p>Plut\u00e3o come\u00e7ou os ciclos retr\u00f3grados anuais em Abril quando foi retr\u00f3grado . Isso \u00e9 um al\u00edvio. Toda essa escava\u00e7\u00e3o de Plut\u00e3o estava come\u00e7ando a pesar bastante sobre n\u00f3s. Agora, come\u00e7amos a limpar os destro\u00e7os ap\u00f3s nossa tempestade de Plut\u00e3o (e a conjun\u00e7\u00e3o Saturno \/ Plut\u00e3o).<\/p>\n<p>A semana de 11 de maio ser\u00e1 movimentada, pois V\u00eanus estar\u00e1 retr\u00f3grado, junto com Saturno e J\u00fapiter, e Merc\u00fario entra em sua sombra retr\u00f3grada. Voc\u00ea est\u00e1 pronto para plantar novas sementes de potencial em sua vida? Retr\u00f3grado n\u00e3o significa n\u00e3o fazer nada ou retroceder. Estes s\u00e3o tempos para revisar, liberar, renovar, descansar, resolver, reiniciar e reconsiderar.<\/p>\n<p>Voc\u00ea est\u00e1 cansado do medo, solid\u00e3o, incerteza e d\u00favida? Sua mente precisa descansar da preocupa\u00e7\u00e3o? Fa\u00e7a uma jornada interior e encontre seu esp\u00edrito, conecte-se aos seus guias e encontre paz e conforto mantendo-se centrado, ancorado e equilibrado.<\/p>\n<p>Muitas coisas no mundo mudaram nos \u00faltimos 30 dias. As pessoas est\u00e3o despertando para uma realidade que n\u00e3o gostam. Espere sentir a tristeza pela ingenuidade do passado, enquanto as pessoas percebem que devem viver com maior inten\u00e7\u00e3o, empoderamento e manter sua soberania energ\u00e9tica.<\/p>\n<p>Ao mesmo tempo, haver\u00e1 um novo avan\u00e7o, empoderado por uma inten\u00e7\u00e3o maior de paz, alegria, amor, prosperidade e consci\u00eancia. A luz sempre ultrapassa a escurid\u00e3o, mesmo nos tempos mais sombrios.<\/p>\n<p>A alegria \u00e9 o seu prop\u00f3sito, ent\u00e3o alinhe-se ao divino e experimente a emo\u00e7\u00e3o de estar em suas altas vibra\u00e7\u00f5es.<\/p>\n<p>Tenha um \u00f3timo m\u00eas.<\/p>\n<p><i>Compartilhe com \u00c9tica mantendo todos os cr\u00e9ditos<\/i><br \/>\n<i>Formata\u00e7\u00e3o &#8211; DE CORA\u00c7\u00c3O A CORA\u00c7\u00c3O<\/i><br \/>\n<a href=\"https:\/\/www.decoracaoacoracao.blog.br\/\"><i>https:\/\/www.decoracaoacoracao.blog.br\/<\/i><\/a><br \/>\n<a href=\"https:\/\/lecocq.wordpress.com\/\"><i>https:\/\/lecocq.wordpress.com<\/i><\/a><br \/>\n<i>Instagram &#8211; @blogdecoracaoacoracao<\/i><br \/>\n<i>Informa\u00e7\u00f5es e Agendamentos para Mesa Qu\u00e2ntica Estelar e Frequ\u00eancia de Cura Arco Iris &#8211;\u00a0<a href=\"mailto:lecocqmuller@gmail.com\">lecocqmuller@gmail.com<\/a><\/i><br \/>\n<a href=\"https:\/\/enlighteninglife.com\/\"><i>https:\/\/enlighteninglife.com\/<\/i><\/a><br \/>\n<i>Tradu\u00e7\u00e3o: Regina Drumond &#8211;\u00a0<a href=\"mailto:reginamadrumond@yahoo.com.br\">reginamadrumond@yahoo.com.br<\/a><\/i><\/p>\n<div class='epvc-post-count'><span class='epvc-eye'><\/span>  <span class=\"epvc-count\"> 394<\/span><span class='epvc-label'> Views<\/span><\/div>","protected":false},"excerpt":{"rendered":"<p>Pronto para uma mudan\u00e7a na energia? Depois do que experienciamos em Abril, talvez voc\u00ea n\u00e3o seja t\u00e3o r\u00e1pido em responder. Deixe-me reformular isso: Voc\u00ea est\u00e1 pronto para colocar em pr\u00e1tica o que aprendeu e come\u00e7ar a sentir que est\u00e1 mais no controle de sua realidade? Assim, Maio \u00e9 o m\u00eas que voc\u00ea desfrutar\u00e1, dependendo de [&hellip;]<\/p>\n","protected":false},"author":1,"featured_media":0,"comment_status":"open","ping_status":"open","sticky":false,"template":"","format":"standard","meta":{"footnotes":""},"categories":[3],"tags":[],"class_list":["post-16570","post","type-post","status-publish","format-standard","hentry","category-uncategorized"],"amp_enabled":true,"_links":{"self":[{"href":"https:\/\/espacodosol.com\/blog\/index.php\/wp-json\/wp\/v2\/posts\/16570","targetHints":{"allow":["GET"]}}],"collection":[{"href":"https:\/\/espacodosol.com\/blog\/index.php\/wp-json\/wp\/v2\/posts"}],"about":[{"href":"https:\/\/espacodosol.com\/blog\/index.php\/wp-json\/wp\/v2\/types\/post"}],"author":[{"embeddable":true,"href":"https:\/\/espacodosol.com\/blog\/index.php\/wp-json\/wp\/v2\/users\/1"}],"replies":[{"embeddable":true,"href":"https:\/\/espacodosol.com\/blog\/index.php\/wp-json\/wp\/v2\/comments?post=16570"}],"version-history":[{"count":0,"href":"https:\/\/espacodosol.com\/blog\/index.php\/wp-json\/wp\/v2\/posts\/16570\/revisions"}],"wp:attachment":[{"href":"https:\/\/espacodosol.com\/blog\/index.php\/wp-json\/wp\/v2\/media?parent=16570"}],"wp:term":[{"taxonomy":"category","embeddable":true,"href":"https:\/\/espacodosol.com\/blog\/index.php\/wp-json\/wp\/v2\/categories?post=16570"},{"taxonomy":"post_tag","embeddable":true,"href":"https:\/\/espacodosol.com\/blog\/index.php\/wp-json\/wp\/v2\/tags?post=16570"}],"curies":[{"name":"wp","href":"https:\/\/api.w.org\/{rel}","templated":true}]}}