{"id":16573,"date":"2020-05-10T02:07:14","date_gmt":"2020-05-10T02:07:14","guid":{"rendered":"https:\/\/espacodosol.com\/blog.br\/?p=16573"},"modified":"2020-05-10T02:07:14","modified_gmt":"2020-05-10T02:07:14","slug":"16573-2","status":"publish","type":"post","link":"https:\/\/espacodosol.com\/blog\/index.php\/2020\/05\/10\/16573-2\/","title":{"rendered":"Orionis &#8211; Momentos pre-ascens\u00e3o"},"content":{"rendered":"<p><img loading=\"lazy\" decoding=\"async\" class=\"alignnone size-full wp-image-16574\" src=\"https:\/\/espacodosol.com\/blog.br\/wp-content\/uploads\/2020\/05\/Orionis.jpg\" alt=\"\" width=\"418\" height=\"574\" \/><\/p>\n<p style=\"text-align: justify;\">Eu Sou Orionis o Regente Planet\u00e1rio, que foi conhecido como Melquisedeque, fundador da Ordem dos Melquisedeques e t<span class=\"text_exposed_show\">amb\u00e9m conhecido, como Anci\u00e3o dos Dias&#8230;<\/span><\/p>\n<div class=\"text_exposed_show\" style=\"text-align: justify;\">\n<p>Esse que viveis \u00e9 um momento delicado, mas muito importante para vosso planeta, onde tudo \u00e9 ajustado e reajustado, pra que a ascens\u00e3o final possa acontecer&#8230;<\/p>\n<p>Sabeis que o que em vosso mundo acontece, que poderia se assemelhar \u00e0s pestes que aconteceram no Egito, n\u00e3o o \u00e9&#8230;<\/p>\n<p>O que viveis \u00e9 mais uma das muitas falsifica\u00e7\u00f5es as quais \u00e0 humanidade foi impingida, na tentativa de vos dominar e vosso aprontamento neutralizar&#8230;<\/p>\n<p>Sim pois vosso corpo est\u00e1 sendo aprontado e vosso DNA ativado aceleradamente de duas pra doze cadeias, pra deixarem de ter um corpo \u00e0 base de \u00e1tomos de carbono e passem pra um corpo de s\u00edlica de cristal, pra que tivessem condi\u00e7\u00f5es de viver em 5\u00aa dimens\u00e3o&#8230;<\/p>\n<p>A treva em desespero entrou e viu que j\u00e1 havia perdido e que n\u00e3o conseguiria impedir-vos, de ter \u00eaxito nesse aprimoramento de vosso Ser pra ascens\u00e3o&#8230;<\/p>\n<p>Eles ent\u00e3o criaram um v\u00edrus em laborat\u00f3rios, pra que pudessem vos contaminar, mas n\u00e3o teve o efeito desejado e escolheram acelerar a implanta\u00e7\u00e3o das antenas da 5G pra aprimoramento e melhoria (no entender deles) de vossos celulares e internet&#8230;<\/p>\n<p>Isso ajudou a causar efeitos e sintomas intensos em vossos corpos, pra que apresentassem sintomas que os levariam para os hospitais&#8230;<\/p>\n<p>Tamb\u00e9m implantaram muitas vacinas com objetivos pra diferentes doen\u00e7as, tamb\u00e9m criadas, pra debilitar o corpo f\u00edsico&#8230;<\/p>\n<p>Por isso as pessoas come\u00e7aram a sentir com intensidade seu corpo debilitado&#8230;<\/p>\n<p>Isso aliado aos efeitos de hipnoses implantados por vossa m\u00eddia, fizeram com que vosso corpo se tornasse pass\u00edvel de ser adentrado por v\u00edrus que estavam no ar, pois o corpo desestabilizado emocionalmente, torna-se vulner\u00e1vel e o sistema imunol\u00f3gico \u00e9 afetado&#8230;<\/p>\n<p>Mas no entanto vim vos anunciar, que estamos no controle de tudo e as mortes que aconteceram no mundo tiveram causas diversas, como sempre aconteceu&#8230;<\/p>\n<p>No entanto os profissionais e hospitais, foram induzidos pelas autoridades comandadas pelos Arcontes Iluminattis, que dominam esse mundo h\u00e1 s\u00e9culos, a diagnosticar como &#8220;coronavirus&#8221; ou covid 19&#8230;<\/p>\n<p>Em breve tudo o que foi falsificado, gerando em v\u00f3s uma intensa ilus\u00e3o, cai por terra e finalmente a Verdade aparecer\u00e1&#8230;<\/p>\n<p>\u00c9 essencial que estejam o mais poss\u00edvel centrados em Divina Conex\u00e3o e que sigam vosso C\u00f3smico Cora\u00e7\u00e3o, pra n\u00e3o vos deixar enganar, por tudo o que \u00e9 divulgado&#8230;<\/p>\n<p>A Luz aumentou e em vossa atmosfera est\u00e1, ativando tudo o que em v\u00f3s deve ser ativado, em forma de intenso Amor que paira no ar e podeis sentir no final de vosso dia com uma cor rosa, que \u00e9 manifestada em vossas nuvens&#8230;<\/p>\n<p>Isso \u00e9 a manifesta\u00e7\u00e3o em grande intensidade das part\u00edculas adamantinas (raios gama) que tem a fun\u00e7\u00e3o de atrav\u00e9s do Amor da Fonte, vos adentrar bombardeando vossas c\u00e9lulas, implantando em v\u00f3s o Corpo de Cristal&#8230;<\/p>\n<p>\u00c9 muito importante nesse momento, que n\u00e3o vos deixeis afetar pelo vosso emocional, n\u00e3o desencadeando revolta, medo, inseguran\u00e7a, tristeza, apatia ou intensa irrita\u00e7\u00e3o&#8230;<\/p>\n<p>Estar confinados n\u00e3o \u00e9 agrad\u00e1vel, mas s\u00f3 permitimos, pois n\u00e3o havia outro jeito de vos parar e tirar os costumes de achar motivos pra sair da Luz, em divers\u00f5es como festas, baladas, viagens, compromissos sociais intensos, o que os tirava do cora\u00e7\u00e3o, pra colocar no mental e impossibilitar que em v\u00f3s atu\u00e1ssemos&#8230;<\/p>\n<p>Mas tudo agora tem sua finaliza\u00e7\u00e3o, pois os objetivos j\u00e1 foram alcan\u00e7ados e muitos est\u00e3o mais do que nunca humanizados, saindo da intensa ilus\u00e3o que vos dominou por d\u00e9cadas&#8230;<\/p>\n<p>\u00c9 hora de colocar tudo na balan\u00e7a e ver onde davam mais peso e colocavam em demasia vossa aten\u00e7\u00e3o&#8230;<\/p>\n<p>O cuidado desmensurado com o corpo, com necessidade de comprar, de ter as coisas, pra se sentirem melhor em compara\u00e7\u00e3o \u00e0 todos&#8230;<\/p>\n<p>\u00c9 hora de sair de tudo o que ilusoriamente vos hipnotizou, pelo desejo de ter e de desviar o vosso Esp\u00edrito, usando mais o mental e o desejo de ter mais e mais&#8230;<\/p>\n<p>Esse \u00e9 o momento de n\u00e3o vos culpar do que foi vivido em ilus\u00e3o&#8230;<\/p>\n<p>\u00c9 hora de adentrar em vosso cora\u00e7\u00e3o, sabendo que \u00e9 preciso dizer o sim e deixar que trabalhemos em v\u00f3s providenciando tudo o que precisam nesse momento pre ascens\u00e3o da humanidade e do Planeta Terra&#8230;<\/p>\n<p>Digam a frase: &#8220;Pai que seja feita a Tua vontade e n\u00e3o a minha&#8221;&#8230; Entreguem tudo e confiem que o que precisarem neste momento ir\u00e1 se fazer&#8230;<\/p>\n<p>N\u00e3o h\u00e1 mais queda e nem retrocesso neste processo de ascens\u00e3o, que nunca mais vai sofrer a interfer\u00eancia dos Iluminattis&#8230;<\/p>\n<p>Mas necess\u00e1rio se faz que entrem na serenidade e n\u00e3o mais julgueis vossos governantes, profissionais de sa\u00fade e n\u00e3o deixem vossa raiva e \u00f3dio se manifestar&#8230;<\/p>\n<p>O momento \u00e9 de toda dualidade deixar, pra que possamos os ajustes finais em v\u00f3s manifestar&#8230;<\/p>\n<p>A Luz em intensidade em v\u00f3s est\u00e1 a atuar&#8230;<\/p>\n<p>A prote\u00e7\u00e3o em todos \u00e9 intensa e cuidada de perto, pelos Seres da Confedera\u00e7\u00e3o Intergal\u00e1ctica dos Mundos Livres, que j\u00e1 vos assistem muito de perto em vossa atmosfera e na 5\u00aa Dimens\u00e3o&#8230;<\/p>\n<p>Estejam na paz e vivam o Amor de vosso Cora\u00e7\u00e3o em Divina Conex\u00e3o&#8230;<\/p>\n<p>Eu Sou Orionis e vos agrade\u00e7o por todo trabalho \u00e0 servi\u00e7o da Luz&#8230;<\/p>\n<p>Canalizado por: Jandira de Moraes (Ashtara Ashtrea)<\/p>\n<\/div>\n<div class='epvc-post-count'><span class='epvc-eye'><\/span>  <span class=\"epvc-count\"> 405<\/span><span class='epvc-label'> Views<\/span><\/div>","protected":false},"excerpt":{"rendered":"<p>Eu Sou Orionis o Regente Planet\u00e1rio, que foi conhecido como Melquisedeque, fundador da Ordem dos Melquisedeques e tamb\u00e9m conhecido, como Anci\u00e3o dos Dias&#8230; Esse que viveis \u00e9 um momento delicado, mas muito importante para vosso planeta, onde tudo \u00e9 ajustado e reajustado, pra que a ascens\u00e3o final possa acontecer&#8230; Sabeis que o que em vosso [&hellip;]<\/p>\n","protected":false},"author":1,"featured_media":0,"comment_status":"open","ping_status":"open","sticky":false,"template":"","format":"standard","meta":{"footnotes":""},"categories":[7],"tags":[],"class_list":["post-16573","post","type-post","status-publish","format-standard","hentry","category-espiritualidade"],"amp_enabled":true,"_links":{"self":[{"href":"https:\/\/espacodosol.com\/blog\/index.php\/wp-json\/wp\/v2\/posts\/16573","targetHints":{"allow":["GET"]}}],"collection":[{"href":"https:\/\/espacodosol.com\/blog\/index.php\/wp-json\/wp\/v2\/posts"}],"about":[{"href":"https:\/\/espacodosol.com\/blog\/index.php\/wp-json\/wp\/v2\/types\/post"}],"author":[{"embeddable":true,"href":"https:\/\/espacodosol.com\/blog\/index.php\/wp-json\/wp\/v2\/users\/1"}],"replies":[{"embeddable":true,"href":"https:\/\/espacodosol.com\/blog\/index.php\/wp-json\/wp\/v2\/comments?post=16573"}],"version-history":[{"count":0,"href":"https:\/\/espacodosol.com\/blog\/index.php\/wp-json\/wp\/v2\/posts\/16573\/revisions"}],"wp:attachment":[{"href":"https:\/\/espacodosol.com\/blog\/index.php\/wp-json\/wp\/v2\/media?parent=16573"}],"wp:term":[{"taxonomy":"category","embeddable":true,"href":"https:\/\/espacodosol.com\/blog\/index.php\/wp-json\/wp\/v2\/categories?post=16573"},{"taxonomy":"post_tag","embeddable":true,"href":"https:\/\/espacodosol.com\/blog\/index.php\/wp-json\/wp\/v2\/tags?post=16573"}],"curies":[{"name":"wp","href":"https:\/\/api.w.org\/{rel}","templated":true}]}}