{"id":16746,"date":"2020-08-27T02:58:53","date_gmt":"2020-08-27T02:58:53","guid":{"rendered":"https:\/\/espacodosol.com\/blog.br\/?p=16746"},"modified":"2020-08-27T02:58:53","modified_gmt":"2020-08-27T02:58:53","slug":"por-que-a-covid-19-causa-perda-de-olfato","status":"publish","type":"post","link":"https:\/\/espacodosol.com\/blog\/index.php\/2020\/08\/27\/por-que-a-covid-19-causa-perda-de-olfato\/","title":{"rendered":"Por que a Covid-19 Causa Perda de Olfato?"},"content":{"rendered":"<p><img loading=\"lazy\" decoding=\"async\" class=\"alignnone size-full wp-image-16747\" src=\"https:\/\/espacodosol.com\/blog.br\/wp-content\/uploads\/2020\/08\/Covid.jpg\" alt=\"\" width=\"500\" height=\"260\" \/><\/p>\n<p style=\"text-align: justify;\">Nesses momentos de pandemia, a informa\u00e7\u00e3o baseada nas pesquisas cient\u00edficas mais recentes \u00e9 sua melhor arma. E quanto mais voc\u00ea souber sobre a Covid-19 melhor. Assim, pode se proteger e tomar as melhores decis\u00f5es para sua fam\u00edlia.<\/p>\n<p style=\"text-align: justify;\">Hoje j\u00e1 sabemos que um dos sintomas da doen\u00e7a \u00e9 a perda do olfato. Esse \u00e9 um detalhe ao qual se deve estar muito atento, pois enquanto outros sintomas s\u00e3o os mesmos de gripes e resfriados comuns, a perda de olfato \u00e9 algo que ocorre com mais frequ\u00eancia quando se \u00e9 infectado com o novo coronav\u00edrus.<\/p>\n<p style=\"text-align: justify;\">Como j\u00e1 comentei por aqui, uma pesquisa recente da Universidade da Calif\u00f3rnia \u2013 San Diego, com quase 1500 pessoas com sintomas gripais, concluiu que naqueles que estavam com Covid-19 era grande a preval\u00eancia da perda intensa de olfato e paladar.<\/p>\n<p style=\"text-align: justify;\">Esses pesquisadores estimam que em pessoas com sintomas gripais que tamb\u00e9m tem perda de olfato, a chance de estar com Covid-19 \u00e9 10 vezes maior. Eis o motivo de estar alerta. Mas, por que isso acontece?<\/p>\n<p style=\"text-align: justify;\"><strong>Perda de olfato na Covid-19: enfim uma boa not\u00edcia?<\/strong><\/p>\n<p style=\"text-align: justify;\">Recentemente, os pesquisadores da Harvard Medical School publicaram um artigo cient\u00edfico no qual tentam jogar uma luz sobre essa perda de olfato. O que eles descobriram \u00e9 que o v\u00edrus entra nas c\u00e9lulas a partir de um receptor chamado ACE2.<\/p>\n<p style=\"text-align: justify;\">Mas os neur\u00f4nios respons\u00e1veis pelo olfato n\u00e3o expressam o gene que codifica a prote\u00edna desse receptor. Ele se expressa, na verdade, nas c\u00e9lulas que fornecem suporte metab\u00f3lico e estrutural aos neur\u00f4nios olfatos.<\/p>\n<p style=\"text-align: justify;\">Ou seja, o Covid-19 n\u00e3o afeta os neur\u00f4nios em si, mais outras c\u00e9lulas tamb\u00e9m envolvidas na sensa\u00e7\u00e3o de olfato. Traduzindo, isso seria uma boa not\u00edcia, pois significa que a perda de olfato \u00e9 tempor\u00e1ria, j\u00e1 que n\u00e3o haveria les\u00e3o nos neur\u00f4nios. Conforme afirma o Dr. Sandeep Robert Datta, autor do estudo:<\/p>\n<p style=\"text-align: justify;\"><em>\u201cEu acho que \u00e9 uma boa not\u00edcia, porque uma vez que a infec\u00e7\u00e3o desaparece, os neur\u00f4nios olfativos parecem n\u00e3o precisar ser substitu\u00eddos ou reconstru\u00eddos do zero. Mas precisamos de mais dados e uma melhor compreens\u00e3o dos mecanismos subjacentes para confirmar esta conclus\u00e3o\u201d.<\/em><\/p>\n<p style=\"text-align: justify;\">A perda de olfato pode ocorrer tamb\u00e9m por outros motivos. \u00c9 uma condi\u00e7\u00e3o chamada anosmia, que infelizmente ela est\u00e1 ligada \u00e0 perda da qualidade de vida, inclusive com aumento da depress\u00e3o e ansiedade.<\/p>\n<p style=\"text-align: justify;\">Como se sabe, a perda de olfato pela Covid-19 passa em algumas semanas. Se os danos fossem aos neur\u00f4nios, como ocorre em outros casos, isso poderia demorar meses.<\/p>\n<p style=\"text-align: justify;\">Em meio a tantas not\u00edcias ruins, saber que de fato n\u00e3o h\u00e1 sequelas no olfato \u00e9 um al\u00edvio, n\u00e3o \u00e9 mesmo?<\/p>\n<p style=\"text-align: justify;\"><strong>Vejam os n\u00fameros<\/strong><\/p>\n<p style=\"text-align: justify;\">Pelas estat\u00edsticas da incid\u00eancia de febre em pacientes com Covid, a porcentagem ficou em torno de 30%, e surpreendentemente para a mesma condi\u00e7\u00e3o a altera\u00e7\u00f5es na capacidade olfativa variou de 25% a 41%, de acordo com os estudos.<\/p>\n<p style=\"text-align: justify;\">Alguns especialistas est\u00e3o pedindo que um teste de olfato seja inclu\u00eddo nas avalia\u00e7\u00f5es no teste do Covid-19.<\/p>\n<p style=\"text-align: justify;\">Segundo o Dr. Justin Turner, do Centro M\u00e9dico da Universidade Vanderbilt, estima-se que a incid\u00eancia de anosmia na popula\u00e7\u00e3o com COVID-19 \u00e9 cerca de 25%, podendo mais que dobrar, de acordo com relatos subjetivos dos pacientes.<\/p>\n<p style=\"text-align: justify;\">Uma pesquisa com 220 participantes, realizado nos EUA, mostrou que dos entrevistados, 42% eram COVID-19 positivos e 58% n\u00e3o. Quando a perda ou altera\u00e7\u00e3o do olfato ou paladar se manifestava como \u00fanico sintoma, ocorreu em 37,7%.<\/p>\n<p style=\"text-align: justify;\">J\u00e1 uma meta an\u00e1lise de 24 estudos realizada em 8.438 pacientes com COVID-19 positivo, observou-se que a disfun\u00e7\u00e3o do olfato foi encontrada em 41% e a disfun\u00e7\u00e3o do paladar estava presente em 38,2% da popula\u00e7\u00e3o.<\/p>\n<p style=\"text-align: justify;\"><strong>Zinco pode ser a causa<\/strong><\/p>\n<p style=\"text-align: justify;\">Sabemos da import\u00e2ncia do zinco intracelular, tanto na preven\u00e7\u00e3o como tratamento coadjuvante do Covid-19, estimulando as defesas imunol\u00f3gica, inibindo a replica\u00e7\u00e3o viral ou interrompendo a infec\u00e7\u00e3o.<\/p>\n<p style=\"text-align: justify;\">As pessoas com defici\u00eancia de zinco ou n\u00edveis marginais desse mineral, que acaba sendo muito solicitado nessa situa\u00e7\u00e3o de infec\u00e7\u00e3o para combater o v\u00edrus, acabam manifestando os sintomas de perda de olfato e paladar.<\/p>\n<p style=\"text-align: justify;\"><strong>Teste de defici\u00eancia de zinco<\/strong><\/p>\n<p style=\"text-align: justify;\">Um modo pr\u00e1tico e caseiro pode ajud\u00e1-lo a avaliar o seu n\u00edvel desse oligoelemento:<\/p>\n<p style=\"text-align: justify;\">Coloque duas colheres de sopa de uma solu\u00e7\u00e3o de zinco na boca e segure-a por 10 segundos. Ent\u00e3o cheque a sua sensa\u00e7\u00e3o:<\/p>\n<p style=\"text-align: justify;\"><strong>Grau\u00a0\u00a0\u00a0\u00a0\u00a0\u00a0\u00a0\u00a0\u00a0\u00a0\u00a0\u00a0\u00a0\u00a0 Sabor\u00a0\u00a0\u00a0\u00a0\u00a0\u00a0\u00a0\u00a0\u00a0\u00a0\u00a0\u00a0\u00a0\u00a0\u00a0\u00a0\u00a0\u00a0\u00a0\u00a0\u00a0\u00a0\u00a0\u00a0 \u00a0\u00a0\u00a0\u00a0\u00a0\u00a0\u00a0\u00a0\u00a0\u00a0\u00a0\u00a0\u00a0\u00a0\u00a0\u00a0\u00a0\u00a0\u00a0\u00a0\u00a0\u00a0\u00a0\u00a0\u00a0 Significado<\/strong><\/p>\n<p style=\"text-align: justify;\">\u00a0\u00a0 1\u00a0\u00a0\u00a0\u00a0\u00a0\u00a0\u00a0\u00a0\u00a0\u00a0\u00a0\u00a0\u00a0\u00a0\u00a0\u00a0 gosto ruim imediato\u00a0\u00a0\u00a0\u00a0\u00a0\u00a0\u00a0\u00a0\u00a0\u00a0\u00a0\u00a0\u00a0\u00a0\u00a0\u00a0\u00a0\u00a0\u00a0 \u00a0\u00a0n\u00e3o tem defici\u00eancia<\/p>\n<p style=\"text-align: justify;\">\u00a0\u00a0 2\u00a0\u00a0\u00a0\u00a0\u00a0\u00a0\u00a0\u00a0\u00a0\u00a0\u00a0\u00a0\u00a0\u00a0\u00a0\u00a0 gosto moderadamente ruim\u00a0\u00a0\u00a0\u00a0\u00a0\u00a0\u00a0\u00a0 tem defici\u00eancia leve<\/p>\n<p style=\"text-align: justify;\">\u00a0\u00a0 3\u00a0\u00a0\u00a0\u00a0\u00a0\u00a0\u00a0\u00a0\u00a0\u00a0\u00a0\u00a0\u00a0\u00a0\u00a0\u00a0 leve sabor desagrad\u00e1vel\u00a0\u00a0\u00a0\u00a0\u00a0\u00a0\u00a0\u00a0\u00a0\u00a0\u00a0\u00a0\u00a0 deficiente<\/p>\n<p style=\"text-align: justify;\">\u00a0\u00a0 4\u00a0\u00a0\u00a0\u00a0\u00a0\u00a0\u00a0\u00a0\u00a0\u00a0\u00a0\u00a0\u00a0\u00a0\u00a0\u00a0 sem sabor\u00a0\u00a0\u00a0\u00a0\u00a0\u00a0\u00a0\u00a0\u00a0\u00a0\u00a0\u00a0\u00a0\u00a0\u00a0\u00a0\u00a0\u00a0\u00a0\u00a0\u00a0\u00a0\u00a0\u00a0\u00a0\u00a0\u00a0\u00a0\u00a0\u00a0\u00a0\u00a0\u00a0\u00a0\u00a0\u00a0 severamente deficiente<\/p>\n<p style=\"text-align: justify;\">Portanto, lembre-se da import\u00e2ncia da suplementa\u00e7\u00e3o do zinco, que pode n\u00e3o s\u00f3 eventualmente evitar a infec\u00e7\u00e3o ou ao menos reduzir os sintomas.<\/p>\n<p style=\"text-align: justify;\">Supersa\u00fade!<\/p>\n<p style=\"text-align: justify;\"><strong><em>Refer\u00eancias bibliogr\u00e1ficas:<\/em><\/strong><\/p>\n<ul style=\"text-align: justify;\">\n<li><em>Carol H. Yan, Farhoud Faraji, Divya P. Prajapati, Christine E. Boone, Adam S DeConde. Association of chemosensory dysfunction and Covid-19 in patients presenting with influenza-like symptoms.\u00a0<\/em><em>International Forum of Allergy &amp; Rhinology, 2020; DOI: 10.1002\/alr.22579.<\/em><\/li>\n<li><em>David H. Brann et al. Non-neuronal expression of SARS-CoV-2 entry genes in the olfactory system suggests mechanisms underlying COVID-19-associated anosmia.\u00a0<\/em><em>Science Advances, July 24, 2020; DOI: 10.1126\/sciadv.abc5801<\/em><\/li>\n<li><em>University of California \u2013 San Diego. \u201cLoss of smell and taste validated as COVID-19 symptoms in patients with high recovery rate: Study suggests clinicians should include sensory impairment as standard screening measure.\u201d\u00a0<\/em><em>ScienceDaily. ScienceDaily, 13 April 2020.<\/em><\/li>\n<li><em>Harvard Medical School. \u201cHow COVID-19 causes smell loss: Olfactory support cells, not neurons, are vulnerable to novel coronavirus infection.\u201d\u00a0<\/em><em>ScienceDaily. ScienceDaily, 24 July 2020.<\/em><\/li>\n<li><em>Otolaryngology\u2013Head and Neck Surgery, 2020; doi.org\/10.1177\/0194599820929957<\/em><\/li>\n<li><em>Mayo Clinic Proceedings 2020; doi.org\/10.1016\/j.mayocp.2020.05.030<\/em><\/li>\n<li><em>Vanderbilt University Medical Center, May 21, 2020<\/em><\/li>\n<li><em>JAMA, 2020;323(23)<\/em><\/li>\n<li><em>National Institutes of Health<\/em><\/li>\n<li><a href=\"https:\/\/www.drrondo.com\/coagulos-sanguines-agravante-covid-19\/\"><em>Co\u00e1gulos Sangu\u00edneos \u2013 Um Agravante do Covid-19<\/em><\/a><em>\u00a0\u2013\u00a0<\/em><a href=\"https:\/\/www.drrondo.com\/\" target=\"_blank\" rel=\"noreferrer noopener\"><em>www.DrRondo.com<\/em><\/a><\/li>\n<li><a href=\"https:\/\/www.drrondo.com\/vinho-aliado-contra-covid19\/\"><em>Ser\u00e1 o Vinho um Aliado Contra o COVID-19?<\/em><\/a><em>\u00a0\u2013\u00a0<\/em><a href=\"https:\/\/www.drrondo.com\/\" target=\"_blank\" rel=\"noreferrer noopener\"><em>www.DrRondo.com<\/em><\/a><\/li>\n<li><a href=\"https:\/\/www.drrondo.com\/seguranca-delivery-comida\/\"><em>COVID-19: Dicas de Seguran\u00e7a para Delivery de Comida<\/em><\/a><em>\u00a0\u2013\u00a0<\/em><a href=\"https:\/\/www.drrondo.com\/\" target=\"_blank\" rel=\"noreferrer noopener\"><em>www.DrRondo.com<\/em><\/a><\/li>\n<li><a href=\"https:\/\/www.drrondo.com\/diabeticos-cuidados-especiais-covid-19-coronavirus\/\"><em>Por que os Diab\u00e9ticos Precisam Tomar Cuidados Especiais com o COVID-19<\/em><\/a><em>\u00a0\u2013\u00a0<\/em><a href=\"https:\/\/www.drrondo.com\/\" target=\"_blank\" rel=\"noreferrer noopener\"><em>www.DrRondo.com<\/em><\/a><\/li>\n<li><a href=\"https:\/\/www.drrondo.com\/covid-19-realidade-testes-coronavirus\/\"><em>Entenda os Testes para o Diagn\u00f3stico de COVID-19<\/em><\/a><em>\u00a0\u2013\u00a0<\/em><a href=\"https:\/\/www.drrondo.com\/\" target=\"_blank\" rel=\"noreferrer noopener\"><em>www.DrRondo.com<\/em><\/a><\/li>\n<\/ul>\n<p>Fonte: https:\/\/www.drrondo.com\/<\/p>\n<div class='epvc-post-count'><span class='epvc-eye'><\/span>  <span class=\"epvc-count\"> 573<\/span><span class='epvc-label'> Views<\/span><\/div>","protected":false},"excerpt":{"rendered":"<p>Nesses momentos de pandemia, a informa\u00e7\u00e3o baseada nas pesquisas cient\u00edficas mais recentes \u00e9 sua melhor arma. E quanto mais voc\u00ea souber sobre a Covid-19 melhor. Assim, pode se proteger e tomar as melhores decis\u00f5es para sua fam\u00edlia. Hoje j\u00e1 sabemos que um dos sintomas da doen\u00e7a \u00e9 a perda do olfato. Esse \u00e9 um detalhe [&hellip;]<\/p>\n","protected":false},"author":1,"featured_media":0,"comment_status":"open","ping_status":"open","sticky":false,"template":"","format":"standard","meta":{"footnotes":""},"categories":[6],"tags":[],"class_list":["post-16746","post","type-post","status-publish","format-standard","hentry","category-saude"],"amp_enabled":true,"_links":{"self":[{"href":"https:\/\/espacodosol.com\/blog\/index.php\/wp-json\/wp\/v2\/posts\/16746","targetHints":{"allow":["GET"]}}],"collection":[{"href":"https:\/\/espacodosol.com\/blog\/index.php\/wp-json\/wp\/v2\/posts"}],"about":[{"href":"https:\/\/espacodosol.com\/blog\/index.php\/wp-json\/wp\/v2\/types\/post"}],"author":[{"embeddable":true,"href":"https:\/\/espacodosol.com\/blog\/index.php\/wp-json\/wp\/v2\/users\/1"}],"replies":[{"embeddable":true,"href":"https:\/\/espacodosol.com\/blog\/index.php\/wp-json\/wp\/v2\/comments?post=16746"}],"version-history":[{"count":0,"href":"https:\/\/espacodosol.com\/blog\/index.php\/wp-json\/wp\/v2\/posts\/16746\/revisions"}],"wp:attachment":[{"href":"https:\/\/espacodosol.com\/blog\/index.php\/wp-json\/wp\/v2\/media?parent=16746"}],"wp:term":[{"taxonomy":"category","embeddable":true,"href":"https:\/\/espacodosol.com\/blog\/index.php\/wp-json\/wp\/v2\/categories?post=16746"},{"taxonomy":"post_tag","embeddable":true,"href":"https:\/\/espacodosol.com\/blog\/index.php\/wp-json\/wp\/v2\/tags?post=16746"}],"curies":[{"name":"wp","href":"https:\/\/api.w.org\/{rel}","templated":true}]}}