{"id":17674,"date":"2022-02-28T02:36:00","date_gmt":"2022-02-28T02:36:00","guid":{"rendered":"https:\/\/espacodosol.com\/blog.br\/?p=17674"},"modified":"2022-02-28T02:36:00","modified_gmt":"2022-02-28T02:36:00","slug":"o-que-voce-tem-em-cada-pode-te-proteger-da-depressao","status":"publish","type":"post","link":"https:\/\/espacodosol.com\/blog\/index.php\/2022\/02\/28\/o-que-voce-tem-em-cada-pode-te-proteger-da-depressao\/","title":{"rendered":"O que Voc\u00ea tem em casa pode te proteger da depress\u00e3o"},"content":{"rendered":"<div class=\"kvgmc6g5 cxmmr5t8 oygrvhab hcukyx3x c1et5uql ii04i59q\">\n<div dir=\"auto\"><img loading=\"lazy\" decoding=\"async\" class=\"alignnone size-medium wp-image-17675\" src=\"https:\/\/espacodosol.com\/blog.br\/wp-content\/uploads\/2022\/02\/depre_casa-300x300.jpg\" alt=\"\" width=\"300\" height=\"300\" \/><\/div>\n<div dir=\"auto\">A depress\u00e3o vem crescendo em todo o mundo, com n\u00fameros alarmantes.<\/div>\n<\/div>\n<div class=\"cxmmr5t8 oygrvhab hcukyx3x c1et5uql o9v6fnle ii04i59q\">\n<div dir=\"auto\"><\/div>\n<div dir=\"auto\">Por isso, medidas naturais e simples para prevenir ou reduzir a depress\u00e3o s\u00e3o sempre uma \u00f3tima pedida.<\/div>\n<\/div>\n<div class=\"cxmmr5t8 oygrvhab hcukyx3x c1et5uql o9v6fnle ii04i59q\">\n<div dir=\"auto\"><\/div>\n<div dir=\"auto\">E no caso da pesquisa que vou mencionar agora, a resposta pode estar mais perto do que voc\u00ea imagina\u2026 Bem a\u00ed no seu quarto!<\/div>\n<\/div>\n<div class=\"cxmmr5t8 oygrvhab hcukyx3x c1et5uql o9v6fnle ii04i59q\">\n<div dir=\"auto\"><\/div>\n<div dir=\"auto\">Recentemente, pesquisadores da Universidade do Colorado, do MIT e de Harvard, nos Estados Unidos, fizeram um grande estudo com 840 mil pessoas.<\/div>\n<\/div>\n<div class=\"cxmmr5t8 oygrvhab hcukyx3x c1et5uql o9v6fnle ii04i59q\">\n<div dir=\"auto\"><\/div>\n<div dir=\"auto\">Al\u00e9m de passarem por an\u00e1lises gen\u00e9ticas, eles responderam question\u00e1rios sobre seu sono.<\/div>\n<div dir=\"auto\"><\/div>\n<div dir=\"auto\">E os resultados foram surpreendentes!<\/div>\n<\/div>\n<div class=\"cxmmr5t8 oygrvhab hcukyx3x c1et5uql o9v6fnle ii04i59q\">\n<div dir=\"auto\"><\/div>\n<div dir=\"auto\">J\u00e1 se sabia que dormir menos aumenta o risco de depress\u00e3o. S\u00f3 n\u00e3o se tinha ideia do quanto voc\u00ea deveria dormir a mais\u2026 Ou o quanto esse risco pode ser reduzido.<\/div>\n<\/div>\n<div class=\"cxmmr5t8 oygrvhab hcukyx3x c1et5uql o9v6fnle ii04i59q\">\n<div dir=\"auto\"><\/div>\n<div dir=\"auto\">Pois o que essa pesquisa descobriu \u00e9 que para cada hora que voc\u00ea vai para cama mais cedo, reduz em 23% o seu risco de depress\u00e3o grave.<\/div>\n<\/div>\n<div class=\"cxmmr5t8 oygrvhab hcukyx3x c1et5uql o9v6fnle ii04i59q\">\n<div dir=\"auto\"><\/div>\n<div dir=\"auto\">Ou seja, se voc\u00ea vai se deitar \u00e0 meia noite, mudar para 23h pode fazer uma grande diferen\u00e7a. E mudar para as 22h \u00e9 ainda mais positivo, com redu\u00e7\u00e3o do risco de cerca de 40%!<\/div>\n<\/div>\n<div class=\"cxmmr5t8 oygrvhab hcukyx3x c1et5uql o9v6fnle ii04i59q\">\n<div dir=\"auto\"><\/div>\n<div dir=\"auto\">O melhor \u00e9 que isso n\u00e3o significa necessariamente que voc\u00ea precisa dormir mais horas.<\/div>\n<\/div>\n<div class=\"cxmmr5t8 oygrvhab hcukyx3x c1et5uql o9v6fnle ii04i59q\">\n<div dir=\"auto\"><\/div>\n<div dir=\"auto\">Esses resultados foram obtidos com o mesmo tempo de sono, apenas mudando-se a hora de ir para cama.<\/div>\n<\/div>\n<div class=\"cxmmr5t8 oygrvhab hcukyx3x c1et5uql o9v6fnle ii04i59q\">\n<div dir=\"auto\"><\/div>\n<div dir=\"auto\">Se voc\u00ea dorme \u00e0s 23h e acorda \u00e0s 8h, pode dormir \u00e0s 22h e acordar \u00e0s 7h, com os mesmos benef\u00edcios.<\/div>\n<div dir=\"auto\"><\/div>\n<div dir=\"auto\">Fant\u00e1stico, n\u00e3o \u00e9 mesmo?<\/div>\n<\/div>\n<div dir=\"auto\">\n<h2 class=\"gmql0nx0 l94mrbxd p1ri9a11 lzcic4wl aahdfvyu\"><span class=\"d2edcug0 hpfvmrgz qv66sw1b c1et5uql lr9zc1uh jq4qci2q a3bd9o3v b1v8xokw m9osqain\" style=\"font-size: 14pt;\"><span class=\"nc684nl6\"><a class=\"oajrlxb2 g5ia77u1 qu0x051f esr5mh6w e9989ue4 r7d6kgcz rq0escxv nhd2j8a9 nc684nl6 p7hjln8o kvgmc6g5 cxmmr5t8 oygrvhab hcukyx3x jb3vyjys rz4wbd8a qt6c0cv9 a8nywdso i1ao9s8h esuyzwwr f1sip0of lzcic4wl gpro0wi8 oo9gr5id lrazzd5p\" tabindex=\"0\" role=\"link\" href=\"https:\/\/www.facebook.com\/DrRondo\/?__cft__[0]=AZXDmi2bMkTHbacy29GSoCxACIu6z0ud-ikTaKhqozRHlH0GYWjdwl2j1WjnfBkZPEAbI4UcyiKAA2Ww46yRsW16p0NX5BELEreKvwF2UMhLKzj6EWhtjnOkenqUrK_8FPoSOqOYRBEoxlvE19ILt5dlieppD78SDtrIbHMtD9h75kpbP58rxNrKl2Yj8Ktn2D8&amp;__tn__=-UC*F\">Dr Rond\u00f3<\/a><\/span><\/span><\/h2>\n<\/div>\n<div class='epvc-post-count'><span class='epvc-eye'><\/span>  <span class=\"epvc-count\"> 663<\/span><span class='epvc-label'> Views<\/span><\/div>","protected":false},"excerpt":{"rendered":"<p>A depress\u00e3o vem crescendo em todo o mundo, com n\u00fameros alarmantes. Por isso, medidas naturais e simples para prevenir ou reduzir a depress\u00e3o s\u00e3o sempre uma \u00f3tima pedida. E no caso da pesquisa que vou mencionar agora, a resposta pode estar mais perto do que voc\u00ea imagina\u2026 Bem a\u00ed no seu quarto! Recentemente, pesquisadores da [&hellip;]<\/p>\n","protected":false},"author":1,"featured_media":0,"comment_status":"open","ping_status":"open","sticky":false,"template":"","format":"standard","meta":{"footnotes":""},"categories":[6],"tags":[],"class_list":["post-17674","post","type-post","status-publish","format-standard","hentry","category-saude"],"amp_enabled":true,"_links":{"self":[{"href":"https:\/\/espacodosol.com\/blog\/index.php\/wp-json\/wp\/v2\/posts\/17674","targetHints":{"allow":["GET"]}}],"collection":[{"href":"https:\/\/espacodosol.com\/blog\/index.php\/wp-json\/wp\/v2\/posts"}],"about":[{"href":"https:\/\/espacodosol.com\/blog\/index.php\/wp-json\/wp\/v2\/types\/post"}],"author":[{"embeddable":true,"href":"https:\/\/espacodosol.com\/blog\/index.php\/wp-json\/wp\/v2\/users\/1"}],"replies":[{"embeddable":true,"href":"https:\/\/espacodosol.com\/blog\/index.php\/wp-json\/wp\/v2\/comments?post=17674"}],"version-history":[{"count":0,"href":"https:\/\/espacodosol.com\/blog\/index.php\/wp-json\/wp\/v2\/posts\/17674\/revisions"}],"wp:attachment":[{"href":"https:\/\/espacodosol.com\/blog\/index.php\/wp-json\/wp\/v2\/media?parent=17674"}],"wp:term":[{"taxonomy":"category","embeddable":true,"href":"https:\/\/espacodosol.com\/blog\/index.php\/wp-json\/wp\/v2\/categories?post=17674"},{"taxonomy":"post_tag","embeddable":true,"href":"https:\/\/espacodosol.com\/blog\/index.php\/wp-json\/wp\/v2\/tags?post=17674"}],"curies":[{"name":"wp","href":"https:\/\/api.w.org\/{rel}","templated":true}]}}