{"id":18563,"date":"2024-06-10T22:46:21","date_gmt":"2024-06-11T01:46:21","guid":{"rendered":"https:\/\/espacodosol.com\/blog\/?p=18563"},"modified":"2024-06-10T22:46:21","modified_gmt":"2024-06-11T01:46:21","slug":"mensagem-de-emmanuel-dagher-relatorio-da-energia-de-junho-2024","status":"publish","type":"post","link":"https:\/\/espacodosol.com\/blog\/index.php\/2024\/06\/10\/mensagem-de-emmanuel-dagher-relatorio-da-energia-de-junho-2024\/","title":{"rendered":"Mensagem de Emmanuel Dagher &#8211; Relat\u00f3rio da energia de junho\/2024"},"content":{"rendered":"<p><img loading=\"lazy\" decoding=\"async\" class=\"alignnone size-medium wp-image-18564\" src=\"http:\/\/espacodosol.com\/blog\/wp-content\/uploads\/2024\/06\/junho-171x300.jpg\" alt=\"\" width=\"171\" height=\"300\" srcset=\"https:\/\/espacodosol.com\/blog\/wp-content\/uploads\/2024\/06\/junho-171x300.jpg 171w, https:\/\/espacodosol.com\/blog\/wp-content\/uploads\/2024\/06\/junho.jpg 400w\" sizes=\"auto, (max-width: 171px) 100vw, 171px\" \/><\/p>\n<p><strong>UMA NOVA CIVILIZA\u00c7\u00c3O PLANET\u00c1RIA<\/strong><\/p>\n<p>Temos um m\u00eas incr\u00edvel pela frente.<\/p>\n<p>Junho nos oferecer\u00e1 muitas novas oportunidades para mudar completamente o cen\u00e1rio de nossas vidas para melhor.<\/p>\n<p>Uma nova civiliza\u00e7\u00e3o est\u00e1 surgindo<\/p>\n<p>Se olharmos as coisas de uma perspectiva ampliada, podemos ver que o atual despertar pelo qual estamos passando nos est\u00e1 aproximando de nos tornarmos uma civiliza\u00e7\u00e3o planet\u00e1ria.<\/p>\n<p>A cria\u00e7\u00e3o de uma civiliza\u00e7\u00e3o planet\u00e1ria permitir\u00e1 que todos nos unamos como uma fam\u00edlia global e criemos uma realidade que apoie o bem maior de todas as pessoas, e n\u00e3o apenas de alguns selecionados.<\/p>\n<p>Esta mudan\u00e7a est\u00e1 nos afastando da velha mentalidade arcaica de \u201cN\u00f3s contra Eles\u201d, para uma mentalidade de \u201cN\u00f3s\u201d, onde nos respeitamos, nos honramos e nos valorizamos e \u00e0 nossa Terra.<\/p>\n<p>A culmina\u00e7\u00e3o de todas as convuls\u00f5es pelas quais estamos passando como um coletivo est\u00e1, na verdade, abrindo caminho para a forma\u00e7\u00e3o do que os astrof\u00edsicos chamam de \u201cciviliza\u00e7\u00e3o Tipo I\u201d.<\/p>\n<p>Esta transi\u00e7\u00e3o \u00e9 talvez a maior transi\u00e7\u00e3o na hist\u00f3ria da Terra, marcando um afastamento acentuado de todas as nossas civiliza\u00e7\u00f5es do passado.<\/p>\n<p>Cada manchete que domina a psique do coletivo neste momento reflete, de alguma forma, um efeito de expans\u00e3o que est\u00e1 expandindo a vida humana para uma forma totalmente superior de civiliza\u00e7\u00e3o.<\/p>\n<p>As antigas formas de com\u00e9rcio, cultura, l\u00edngua, entretenimento, atividades de lazer e muito mais est\u00e3o todas sendo viradas de cabe\u00e7a para baixo pela emerg\u00eancia desta mudan\u00e7a planet\u00e1ria.<\/p>\n<p>O que isto significa \u00e9 que, embora estejamos assistindo a um grande caos no mundo, tudo est\u00e1 acontecendo como parte de uma mudan\u00e7a de consci\u00eancia que est\u00e1 abrindo caminho para que algo muito maior surja.<\/p>\n<p>Se apenas refletirmos sobre os avan\u00e7os ocorridos nos \u00faltimos anos, poderemos ver muitas confirma\u00e7\u00f5es da mudan\u00e7a que est\u00e1 ocorrendo. Id\u00e9ias e a\u00e7\u00f5es de vibra\u00e7\u00e3o mais elevada que talvez n\u00e3o tenham sido aceitas antes est\u00e3o agora se tornando comuns e consideradas \u201cnormais\u201d.<\/p>\n<p>A partir de Junho, e ganhando velocidade nos pr\u00f3ximos meses, daremos, pessoal e globalmente, um salto qu\u00e2ntico na dire\u00e7\u00e3o da cria\u00e7\u00e3o de uma nova civiliza\u00e7\u00e3o planet\u00e1ria.<\/p>\n<p><strong>ACOLHENDO UM SALTO QU\u00c2NTICO DE EXPANS\u00c3O<\/strong><\/p>\n<p>Quando passamos por um salto qu\u00e2ntico de consci\u00eancia como aquele em que estamos agora, a estrutura do mundo ao nosso redor muda completamente.<\/p>\n<p>J\u00e1 estamos tendo vislumbres da nova estrutura de nossas vidas tomando forma, \u00e0 medida que a estrutura anterior come\u00e7a a suavizar suavemente e a desaparecer no fundo.<\/p>\n<p>Sempre que ocorre um salto qu\u00e2ntico na consci\u00eancia, ele geralmente se desenvolve de maneiras que afetam nossas vidas pessoais, tais como:<\/p>\n<p>Desejo de ser mais ativo e produtivo<\/p>\n<p>Desejo de come\u00e7ar algo novo (projeto, neg\u00f3cio, carreira, hobby, relacionamento)<\/p>\n<p>Desejo de limpar e simplificar a nossa casa<\/p>\n<p>Um fogo interior desperto e paix\u00e3o pela vida<\/p>\n<p>Desejo de aprender um novo idioma ou instrumento e de viajar<\/p>\n<p>Desejo de fazer um curso, workshop ou aulas em uma nova \u00e1rea<\/p>\n<p>Desejo de pensar maior e fora da caixa<\/p>\n<p>Um desejo de liberar pessoas, lugares e experi\u00eancias que n\u00e3o apoiam mais o nosso bem maior<\/p>\n<p>Um desejo de nos sentirmos ainda mais conectados ao nosso Esp\u00edrito e ao Universo<\/p>\n<p>Um desejo de olhar e resolver velhos padr\u00f5es que nos impediram de sermos o nosso eu mais aut\u00eantico e honesto<\/p>\n<p>Um desejo de comunidade<\/p>\n<p>Uma vontade de fazer a diferen\u00e7a<\/p>\n<p>Um desejo de ser mais amoroso, compassivo e gentil conosco e com o mundo<\/p>\n<p>Um desejo de fazer da nossa paz interior e bem-estar uma prioridade m\u00e1xima em nossas vidas<\/p>\n<p>Desejo de cuidar melhor do nosso corpo e do nosso ser interior (alimentando-nos de forma saud\u00e1vel, fazendo exerc\u00edcios, meditando)<\/p>\n<p>Um desejo de reconhecer a divindade dentro de n\u00f3s e dos outros<\/p>\n<p>Como um coletivo, notaremos tamb\u00e9m mudan\u00e7as externas:<\/p>\n<p>Coisas que antes estavam escondidas ou desconhecidas pela humanidade vir\u00e3o \u00e0 tona para serem reveladas e abordadas<\/p>\n<p>Ci\u00eancia e Espiritualidade se fundir\u00e3o para se tornarem uma s\u00f3, \u00e0 medida que novas descobertas ocorrerem que unam seus conceitos<\/p>\n<p>As institui\u00e7\u00f5es do velho paradigma que promovem uma agenda baseada no medo e na separa\u00e7\u00e3o enfrentar\u00e3o dificuldades e n\u00e3o ter\u00e3o mais o mesmo controle sobre a humanidade que antes tinham.<\/p>\n<p>Qualquer coisa ou qualquer pessoa que promova ou crie constantemente a separa\u00e7\u00e3o e o medo come\u00e7ar\u00e1 a sentir o peso disso sobre eles, f\u00edsica, emocional e mentalmente, tornando-se um desafio para eles continuarem a promover esses tipos de energias.<\/p>\n<p>Novos conceitos, inven\u00e7\u00f5es e resolu\u00e7\u00f5es ser\u00e3o introduzidos com a inten\u00e7\u00e3o de ajudar a criar maior cura e unidade para o nosso mundo.<\/p>\n<p>Diferentes ind\u00fastrias (alimenta\u00e7\u00e3o, medicamentos, suplementos, etc.) dar\u00e3o mais um grande passo para trazer produtos saud\u00e1veis, transparentes e sustent\u00e1veis \u200b\u200b\u00e0s massas<\/p>\n<p>Pessoas de todas as esferas da vida descobrir\u00e3o que t\u00eam muito mais em comum umas com as outras do que jamais imaginaram, permitindo que as pessoas se unam e criem mais e maiores mudan\u00e7as positivas no mundo.<\/p>\n<p>Muitas pessoas com a plataforma para fazer a diferen\u00e7a ir\u00e3o avan\u00e7ar e fazer coisas ainda maiores do que no passado<\/p>\n<p>A m\u00fasica e a arte que forem criadas ou lan\u00e7adas durante e ap\u00f3s os pr\u00f3ximos meses tamb\u00e9m refletir\u00e3o as poderosas mudan\u00e7as que est\u00e3o ocorrendo agora.<\/p>\n<p>E muito mais!<\/p>\n<p><strong>FAZENDO O TRABALHO INTERNO<\/strong><\/p>\n<p>Quando passamos por grandes ciclos de transi\u00e7\u00e3o como este em que estamos atualmente, isso pode trazer \u00e0 tona muitos pensamentos e emo\u00e7\u00f5es antigas que ainda n\u00e3o resolvemos e curamos totalmente.<\/p>\n<p>Pensamentos e emo\u00e7\u00f5es s\u00e3o muito reais e cont\u00eam energias palp\u00e1veis. Se n\u00e3o tiverem uma sa\u00edda saud\u00e1vel para se expressarem plenamente, eles se armazenar\u00e3o no corpo e na mente, onde continuar\u00e3o a pedir nossa aten\u00e7\u00e3o.<\/p>\n<p>Durante o m\u00eas de Junho e al\u00e9m, em vez de tentar enterrar, esconder ou desviar o olhar de quaisquer pensamentos e sentimentos indesejados que surjam, vamos nos permitir acolher e honrar esses pensamentos e sentimentos, como se fossem nossos filhos.<\/p>\n<p>Cada pensamento e sentimento que ativa algo dentro de n\u00f3s que n\u00e3o nos faz sentir bem \u00e9, na verdade, um pedido de nossa mente por ainda mais amor, aceita\u00e7\u00e3o e compaix\u00e3o de nossa parte.<\/p>\n<p>Quaisquer que sejam as hist\u00f3rias que a mente cria, ela sempre se resume ao desejo de receber de n\u00f3s amor e compaix\u00e3o.<\/p>\n<p>Quando nos damos o tipo de amor e compaix\u00e3o que desejamos receber do maior amor de nossas vidas, a mente ter\u00e1 menos desejo de usar pensamentos e sentimentos desagrad\u00e1veis \u200b\u200bou desconfort\u00e1veis \u200b\u200bpara chamar nossa aten\u00e7\u00e3o, porque ela j\u00e1 sente o amor e aten\u00e7\u00e3o que estamos enviando.<\/p>\n<p>Para cada rea\u00e7\u00e3o cruel que tivemos em rela\u00e7\u00e3o a um ente querido, amigo, colega, pessoas em nosso ambiente e a n\u00f3s mesmos, vamos nos dar total permiss\u00e3o agora para honrar o fato de que nossa mente estava apenas fazendo isso como uma forma de pedir mais amor e aten\u00e7\u00e3o.<\/p>\n<p>A partir deste espa\u00e7o, podemos ter mais compaix\u00e3o pela mente, agradecendo-lhe simplesmente por fazer o melhor que p\u00f4de e por chamar a nossa aten\u00e7\u00e3o para algo dentro de n\u00f3s que precisa de cura.<\/p>\n<p>E agora que a mente tem a nossa aten\u00e7\u00e3o, podemos agradecer-lhe por nos proteger e manter-nos seguros da melhor forma que conhecia no momento.<\/p>\n<p>O m\u00eas de Junho ser\u00e1 um excelente momento para colocar em pr\u00e1tica uma rela\u00e7\u00e3o mais amorosa com a nossa mente.<\/p>\n<p>Isto ajudar\u00e1 a garantir que quaisquer altos e baixos em nossas emo\u00e7\u00f5es, ativados por todas as mudan\u00e7as energ\u00e9ticas que est\u00e3o ocorrendo, sejam mais estabilizados. Isto nos ajudar\u00e1 a sentir maior paz e tranquilidade enquanto viajamos por este per\u00edodo de transi\u00e7\u00e3o poderosa.<\/p>\n<p>Isso tamb\u00e9m nos ajudar\u00e1 a n\u00e3o ficarmos presos nas hist\u00f3rias que a mente \u00e0s vezes gosta de criar, o que muitas vezes pode nos fazer sentir desamparados ou presos.<\/p>\n<p>Abra\u00e7ar nossa mente n\u00e3o precisa parecer como um arco-\u00edris e borboletas todos os dias. Mas ajuda-nos a compreender melhor por que a mente age dessa maneira.<\/p>\n<p>E nos permite desenvolver mais compaix\u00e3o pelas nossas partes que n\u00e3o consegu\u00edamos amar e aceitar plenamente antes.<\/p>\n<p>\u00c0 medida que pensamentos e sentimentos intensos v\u00eam \u00e0 tona, podemos nos sentir cansados \u200b\u200bem alguns dias, confusos ou infelizes em outros.<\/p>\n<p>Neste momento, o nosso eu interior est\u00e1 pedindo amor e apoio neste momento de grandes mudan\u00e7as, e podemos dar isso liberando o julgamento interior e a necessidade de compreender tudo o que est\u00e1 surgindo para n\u00f3s.<\/p>\n<p>Em vez de tentar rastrear o significado ou a origem de cada pensamento ou sentimento que surge, podemos simplesmente observar esses pensamentos e sentimentos, agradecer-lhes por qualquer mensagem que nos tenham trazido e deix\u00e1-los ir.<\/p>\n<p>Com tanta emo\u00e7\u00e3o acontecendo, este \u00e9 um \u00f3timo momento para o autocuidado e carinho extras.<\/p>\n<p>Esteja aberto para reservar mais tempo para si mesmo \u2013 mais descanso, mais tempo na natureza, mais tempo de divers\u00e3o e um tempo para se expressar de forma criativa.<\/p>\n<p>Isso garantir\u00e1 que os pr\u00f3ximos meses cruciais avancem de maneira muito mais tranquila e agrad\u00e1vel para voc\u00ea.<\/p>\n<p><strong>O PRESENTE DO PR\u00d3XIMO SOLST\u00cdCIO<\/strong><\/p>\n<p>Na segunda quinzena de Junho teremos a oportunidade de reiniciar e come\u00e7ar de novo.<\/p>\n<p>Um novo come\u00e7o muitas vezes vem com a sensa\u00e7\u00e3o de que o peso que carregamos sobre os ombros e o peito est\u00e1 ficando mais leve e se dissolvendo.<\/p>\n<p>Voc\u00ea pode perceber que deseja sair de casa com mais frequ\u00eancia, socializar-se mais e n\u00e3o levar a si mesmo e a vida muito a s\u00e9rio.<\/p>\n<p>Coisas como ser mais ativo fisicamente, brincar, meditar, passar tempo na natureza e se expressar artisticamente seriam \u00f3timas para fazer neste momento.<\/p>\n<p>Cercar-nos de beleza e divers\u00e3o ser\u00e1 algo pelo qual gravitaremos, ent\u00e3o vamos nos permitir aproveitar isso!<\/p>\n<p>No dia 20 de Junho, vivenciaremos o pico das energias do solst\u00edcio.<\/p>\n<p>Um solst\u00edcio representa um tempo de conclus\u00e3o e novos come\u00e7os.<\/p>\n<p>Seja o que for que estejamos prontos para resolver e abandonar, esta \u00e9 a hora de faz\u00ea-lo!<\/p>\n<p>Estaremos ent\u00e3o prontos para entrar na pr\u00f3xima fase da nossa jornada sentindo-nos revigorados e renovados.<\/p>\n<p>O pr\u00f3ximo solst\u00edcio apoiar\u00e1 o nosso recome\u00e7o, abrindo-nos para um crescimento pessoal, cura e transforma\u00e7\u00e3o ainda maiores.<\/p>\n<p>Durante o portal do solst\u00edcio (18 a 22 de Junho), podemos perceber que estamos recebendo sabedoria interior, insights e realiza\u00e7\u00f5es inovadoras que nos apoiar\u00e3o nos pr\u00f3ximos cap\u00edtulos de nossa jornada.<\/p>\n<p>Estas s\u00e3o d\u00e1divas do Universo, e muitas vezes \u00e9 recomend\u00e1vel anot\u00e1-las e refletir frequentemente sobre elas, para integr\u00e1-las em nossas vidas.<\/p>\n<p>Estas percep\u00e7\u00f5es especiais t\u00eam o poder de afetar positivamente todas as \u00e1reas das nossas vidas, incluindo a criatividade e a carreira, as rela\u00e7\u00f5es conosco e com os outros, a sa\u00fade e o bem-estar e muito mais.<\/p>\n<p>Este solst\u00edcio tamb\u00e9m servir\u00e1 como um empurr\u00e3ozinho amoroso para frente, para nos ajudar a nos tornarmos mais inspirados quando se trata de tomar a\u00e7\u00f5es divinamente guiadas.<\/p>\n<p>As semanas e meses seguintes ao solst\u00edcio s\u00e3o sempre repletos de grande movimento e a\u00e7\u00e3o, por isso ser\u00e1 emocionante ver tamb\u00e9m as mudan\u00e7as que ocorrem no coletivo.<\/p>\n<p><strong>CONCLUS\u00c3O E RESOLU\u00c7\u00c3O<\/strong><\/p>\n<p>Com novos come\u00e7os tamb\u00e9m chega o momento da conclus\u00e3o.<\/p>\n<p>A \u00faltima parte de Junho oferecer-nos-\u00e1 uma oportunidade de conclus\u00e3o, para que possamos ultrapassar as coisas que ainda nos podem estar atrasando de alguma forma.<\/p>\n<p>A conclus\u00e3o \u00e9 um momento em nossas vidas que significa um encerramento importante.<\/p>\n<p>\u00c9 o fim de um cap\u00edtulo antigo e o in\u00edcio de um novo.<\/p>\n<p>A conclus\u00e3o n\u00e3o significa livrar-se de algo ou algu\u00e9m de nossas vidas \u00e0 for\u00e7a. N\u00e3o se trata de corrigir nada.<\/p>\n<p>Trata-se de compreender que chegamos a um ponto em nossas vidas em que certos contratos, votos e obriga\u00e7\u00f5es que t\u00ednhamos com certas pessoas, lugares, experi\u00eancias e com n\u00f3s mesmos foram cumpridos.<\/p>\n<p>A conclus\u00e3o significa que escolhemos n\u00e3o fugir e evitar algo que nos parecesse desconfort\u00e1vel ou assustador, mas enfrentar todos os desafios que precisam ser enfrentados, de frente.<\/p>\n<p>Aprendemos nossas li\u00e7\u00f5es e n\u00e3o precisamos mais recriar essa experi\u00eancia em nossas vidas.<\/p>\n<p>A conclus\u00e3o pode ocorrer at\u00e9 mesmo entre membros da fam\u00edlia da Alma e Almas G\u00eameas.<\/p>\n<p>Estes parecem ser os mais dif\u00edceis para a maioria das pessoas, porque podemos lembrar-nos de nos sentirmos t\u00e3o ligados a estes belos Esp\u00edritos em determinado momento.<\/p>\n<p>Quando uma conclus\u00e3o acontece ao n\u00edvel da Alma, o amor permanece. Na verdade, resta menos do que amor, a conclus\u00e3o ainda n\u00e3o foi totalmente alcan\u00e7ada.<\/p>\n<p>Se voc\u00ea est\u00e1 vivenciando a conclus\u00e3o neste momento, saiba que voc\u00ea est\u00e1 exatamente onde deveria estar em sua jornada.<\/p>\n<p>Tempos como estes nos ajudam a colocar tudo em perspectiva e a apreciar as b\u00ean\u00e7\u00e3os em nossas vidas.<\/p>\n<p>Depois que ocorre a conclus\u00e3o e a integra\u00e7\u00e3o, abrimos espa\u00e7o para que novas b\u00ean\u00e7\u00e3os e experi\u00eancias entrem em nossas vidas.<\/p>\n<p><strong>At\u00e9 a pr\u00f3xima vez,<\/strong><\/p>\n<p><strong>Com gratid\u00e3o,<\/strong><\/p>\n<p><strong>Emmanuel<\/strong><\/p>\n<p><a href=\"https:\/\/emmanueldagher.com\/\" target=\"_blank\" rel=\"noopener\">https:\/\/emmanueldagher.com<\/a><\/p>\n<p>Tradu\u00e7\u00e3o Regina Drumond-<a href=\"http:\/\/reginamadrumond@yahoo.com.br\/\" target=\"_blank\" rel=\"noopener\">reginamadrumond@yahoo.com.br<\/a><\/p>\n<div class='epvc-post-count'><span class='epvc-eye'><\/span>  <span class=\"epvc-count\"> 577<\/span><span class='epvc-label'> Views<\/span><\/div>","protected":false},"excerpt":{"rendered":"<p>UMA NOVA CIVILIZA\u00c7\u00c3O PLANET\u00c1RIA Temos um m\u00eas incr\u00edvel pela frente. Junho nos oferecer\u00e1 muitas novas oportunidades para mudar completamente o cen\u00e1rio de nossas vidas para melhor. Uma nova civiliza\u00e7\u00e3o est\u00e1 surgindo Se olharmos as coisas de uma perspectiva ampliada, podemos ver que o atual despertar pelo qual estamos passando nos est\u00e1 aproximando de nos tornarmos [&hellip;]<\/p>\n","protected":false},"author":1,"featured_media":0,"comment_status":"closed","ping_status":"closed","sticky":false,"template":"","format":"standard","meta":{"footnotes":""},"categories":[1],"tags":[],"class_list":["post-18563","post","type-post","status-publish","format-standard","hentry","category-sem-categoria"],"amp_enabled":true,"_links":{"self":[{"href":"https:\/\/espacodosol.com\/blog\/index.php\/wp-json\/wp\/v2\/posts\/18563","targetHints":{"allow":["GET"]}}],"collection":[{"href":"https:\/\/espacodosol.com\/blog\/index.php\/wp-json\/wp\/v2\/posts"}],"about":[{"href":"https:\/\/espacodosol.com\/blog\/index.php\/wp-json\/wp\/v2\/types\/post"}],"author":[{"embeddable":true,"href":"https:\/\/espacodosol.com\/blog\/index.php\/wp-json\/wp\/v2\/users\/1"}],"replies":[{"embeddable":true,"href":"https:\/\/espacodosol.com\/blog\/index.php\/wp-json\/wp\/v2\/comments?post=18563"}],"version-history":[{"count":1,"href":"https:\/\/espacodosol.com\/blog\/index.php\/wp-json\/wp\/v2\/posts\/18563\/revisions"}],"predecessor-version":[{"id":18565,"href":"https:\/\/espacodosol.com\/blog\/index.php\/wp-json\/wp\/v2\/posts\/18563\/revisions\/18565"}],"wp:attachment":[{"href":"https:\/\/espacodosol.com\/blog\/index.php\/wp-json\/wp\/v2\/media?parent=18563"}],"wp:term":[{"taxonomy":"category","embeddable":true,"href":"https:\/\/espacodosol.com\/blog\/index.php\/wp-json\/wp\/v2\/categories?post=18563"},{"taxonomy":"post_tag","embeddable":true,"href":"https:\/\/espacodosol.com\/blog\/index.php\/wp-json\/wp\/v2\/tags?post=18563"}],"curies":[{"name":"wp","href":"https:\/\/api.w.org\/{rel}","templated":true}]}}