{"id":18687,"date":"2025-04-28T16:36:01","date_gmt":"2025-04-28T19:36:01","guid":{"rendered":"https:\/\/espacodosol.com\/blog\/?p=18687"},"modified":"2025-04-28T16:36:01","modified_gmt":"2025-04-28T19:36:01","slug":"geracao-beta-a-nova-era-que-se-inicia-em-2025","status":"publish","type":"post","link":"https:\/\/espacodosol.com\/blog\/index.php\/2025\/04\/28\/geracao-beta-a-nova-era-que-se-inicia-em-2025\/","title":{"rendered":"Gera\u00e7\u00e3o Beta: A Nova Era que se Inicia em 2025"},"content":{"rendered":"<div class=\"x11i5rnm xat24cr x1mh8g0r x1vvkbs xtlvy1s x126k92a\">\n<p dir=\"auto\"><img loading=\"lazy\" decoding=\"async\" class=\"alignnone size-medium wp-image-18688\" src=\"http:\/\/espacodosol.com\/blog\/wp-content\/uploads\/2025\/04\/geracao_beta-200x300.jpg\" alt=\"\" width=\"200\" height=\"300\" srcset=\"https:\/\/espacodosol.com\/blog\/wp-content\/uploads\/2025\/04\/geracao_beta-200x300.jpg 200w, https:\/\/espacodosol.com\/blog\/wp-content\/uploads\/2025\/04\/geracao_beta-683x1024.jpg 683w, https:\/\/espacodosol.com\/blog\/wp-content\/uploads\/2025\/04\/geracao_beta-768x1152.jpg 768w, https:\/\/espacodosol.com\/blog\/wp-content\/uploads\/2025\/04\/geracao_beta-1024x1536.jpg 1024w, https:\/\/espacodosol.com\/blog\/wp-content\/uploads\/2025\/04\/geracao_beta.jpg 1170w\" sizes=\"auto, (max-width: 200px) 100vw, 200px\" \/><\/p>\n<p dir=\"auto\" style=\"text-align: justify;\">O mundo dar\u00e1 as boas-vindas \u00e0 Gera\u00e7\u00e3o Beta \u2014 formada por todos os nascidos entre 2025 e 2039. Esta nova gera\u00e7\u00e3o ser\u00e1 moldada por um cen\u00e1rio de avan\u00e7os impressionantes na intelig\u00eancia artificial, automa\u00e7\u00e3o e tecnologia, holografia espacial, realidade aumentada e tamb\u00e9m pelas urgentes transforma\u00e7\u00f5es clim\u00e1ticas que marcam nossa \u00e9poca.<\/p>\n<\/div>\n<div dir=\"auto\">Mas antes de olharmos para o futuro, vale uma r\u00e1pida viagem pelo passado:<\/div>\n<div dir=\"auto\">Linha do tempo das gera\u00e7\u00f5es:<\/div>\n<div dir=\"auto\"><span class=\"html-span xexx8yu x4uap5 x18d9i69 xkhd6sd x1hl2dhg x16tdsg8 x1vvkbs x3nfvp2 x1j61x8r x1fcty0u xdj266r xat24cr xgzva0m xhhsvwb xxymvpz\">\ud83d\udeb6\u200d\u27a1\ufe0f<\/span>Gera\u00e7\u00e3o Perdida (1883\u20131900)<\/div>\n<div dir=\"auto\">Vivenciaram a Primeira Guerra Mundial e receberam esse nome devido ao sentimento de desalento e trauma profundo que marcaram sua juventude.<\/div>\n<div dir=\"auto\">A Gera\u00e7\u00e3o Perdida, formada por pessoas nascidas entre 1883 e 1900, viveu a Primeira Guerra Mundial e a Grande Depress\u00e3o. Embora muitos n\u00e3o tenham lutado diretamente na Segunda Guerra Mundial, foram profundamente impactados pelas consequ\u00eancias desses eventos.<\/div>\n<div dir=\"auto\"><span class=\"html-span xexx8yu x4uap5 x18d9i69 xkhd6sd x1hl2dhg x16tdsg8 x1vvkbs x3nfvp2 x1j61x8r x1fcty0u xdj266r xat24cr xgzva0m xhhsvwb xxymvpz xlup9mm x1kky2od\"><img loading=\"lazy\" decoding=\"async\" class=\"xz74otr x168nmei x13lgxp2 x5pf9jr xo71vjh\" src=\"https:\/\/static.xx.fbcdn.net\/images\/emoji.php\/v9\/t3f\/1\/16\/1f3c7.png\" alt=\"\ud83c\udfc7\" width=\"16\" height=\"16\" \/><\/span>Maior Gera\u00e7\u00e3o (1901\u20131927)<\/div>\n<div dir=\"auto\">Sobreviveram \u00e0 Grande Depress\u00e3o e lutaram na Segunda Guerra Mundial, sendo lembrados pela coragem, resili\u00eancia e esp\u00edrito comunit\u00e1rio.<\/div>\n<div dir=\"auto\"><span class=\"html-span xexx8yu x4uap5 x18d9i69 xkhd6sd x1hl2dhg x16tdsg8 x1vvkbs x3nfvp2 x1j61x8r x1fcty0u xdj266r xat24cr xgzva0m xhhsvwb xxymvpz xlup9mm x1kky2od\"><img loading=\"lazy\" decoding=\"async\" class=\"xz74otr x168nmei x13lgxp2 x5pf9jr xo71vjh\" src=\"https:\/\/static.xx.fbcdn.net\/images\/emoji.php\/v9\/tf\/1\/16\/1f468_200d_1f3a8.png\" alt=\"\ud83d\udc68\u200d\ud83c\udfa8\" width=\"16\" height=\"16\" \/><\/span>Gera\u00e7\u00e3o Silenciosa (1928\u20131945)<\/div>\n<div dir=\"auto\">Cresceram num per\u00edodo de reconstru\u00e7\u00e3o global, priorizando valores como estabilidade, discri\u00e7\u00e3o e compromisso com o trabalho. O per\u00edodo 1928 a 1945 para a Gera\u00e7\u00e3o Silenciosa \u00e9 correto e \u00e9 o que a maioria dos historiadores usa.<\/div>\n<div dir=\"auto\">Essa gera\u00e7\u00e3o nasceu entre esses anos \u2014 mas cresceu durante ou logo depois da Segunda Guerra Mundial.<\/div>\n<div dir=\"auto\">Explicando melhor:<\/div>\n<div dir=\"auto\">\u2022 A Segunda Guerra Mundial foi de 1939 a 1945.<\/div>\n<div dir=\"auto\">\u2022 Quem nasceu entre 1928 e 1938, era crian\u00e7a ou adolescente durante a guerra.<\/div>\n<div dir=\"auto\">\u2022 Quem nasceu entre 1939 e 1945, nasceu durante a guerra.<\/div>\n<div dir=\"auto\">\u2022 Eles receberam o nome \u201cGera\u00e7\u00e3o Silenciosa\u201d porque cresceram num mundo muito tenso (guerra, crise econ\u00f4mica, Guerra Fria) e foram educados a ser discretos, obedientes, trabalhar duro e evitar \u201cfazer ondas\u201d (por isso \u201csilenciosa\u201d).<\/div>\n<div dir=\"auto\"><span class=\"html-span xexx8yu x4uap5 x18d9i69 xkhd6sd x1hl2dhg x16tdsg8 x1vvkbs x3nfvp2 x1j61x8r x1fcty0u xdj266r xat24cr xgzva0m xhhsvwb xxymvpz xlup9mm x1kky2od\"><img loading=\"lazy\" decoding=\"async\" class=\"xz74otr x168nmei x13lgxp2 x5pf9jr xo71vjh\" src=\"https:\/\/static.xx.fbcdn.net\/images\/emoji.php\/v9\/t53\/1\/16\/1f9d6_200d_2642.png\" alt=\"\ud83e\uddd6\u200d\u2642\ufe0f\" width=\"16\" height=\"16\" \/><\/span>Baby Boomers (1946\u20131964)<\/div>\n<div dir=\"auto\">Nascidos no boom populacional p\u00f3s-Segunda Guerra, impulsionaram grandes avan\u00e7os econ\u00f4micos e sociais, e valorizam estabilidade e conquistas materiais.<\/div>\n<div dir=\"auto\"><span class=\"html-span xexx8yu x4uap5 x18d9i69 xkhd6sd x1hl2dhg x16tdsg8 x1vvkbs x3nfvp2 x1j61x8r x1fcty0u xdj266r xat24cr xgzva0m xhhsvwb xxymvpz xlup9mm x1kky2od\"><img loading=\"lazy\" decoding=\"async\" class=\"xz74otr x168nmei x13lgxp2 x5pf9jr xo71vjh\" src=\"https:\/\/static.xx.fbcdn.net\/images\/emoji.php\/v9\/tb2\/1\/16\/1f468_200d_1f393.png\" alt=\"\ud83d\udc68\u200d\ud83c\udf93\" width=\"16\" height=\"16\" \/><\/span>Gera\u00e7\u00e3o X (1965\u20131980)<\/div>\n<div dir=\"auto\">Com a chegada do computador pessoal e da internet, essa gera\u00e7\u00e3o se tornou sin\u00f4nimo de independ\u00eancia, adaptabilidade e ceticismo saud\u00e1vel.<\/div>\n<div dir=\"auto\"><span class=\"html-span xexx8yu x4uap5 x18d9i69 xkhd6sd x1hl2dhg x16tdsg8 x1vvkbs x3nfvp2 x1j61x8r x1fcty0u xdj266r xat24cr xgzva0m xhhsvwb xxymvpz xlup9mm x1kky2od\"><img loading=\"lazy\" decoding=\"async\" class=\"xz74otr x168nmei x13lgxp2 x5pf9jr xo71vjh\" src=\"https:\/\/static.xx.fbcdn.net\/images\/emoji.php\/v9\/t8c\/1\/16\/1f4bb.png\" alt=\"\ud83d\udcbb\" width=\"16\" height=\"16\" \/><\/span> Millennials ou Gera\u00e7\u00e3o Y (1981\u20131996)<\/div>\n<div dir=\"auto\">Primeiros a amadurecer na era digital. Foram moldados pela internet, redes sociais e globaliza\u00e7\u00e3o, desenvolvendo uma mentalidade cr\u00edtica e conectada.<\/div>\n<div dir=\"auto\"><span class=\"html-span xexx8yu x4uap5 x18d9i69 xkhd6sd x1hl2dhg x16tdsg8 x1vvkbs x3nfvp2 x1j61x8r x1fcty0u xdj266r xat24cr xgzva0m xhhsvwb xxymvpz xlup9mm x1kky2od\"><img loading=\"lazy\" decoding=\"async\" class=\"xz74otr x168nmei x13lgxp2 x5pf9jr xo71vjh\" src=\"https:\/\/static.xx.fbcdn.net\/images\/emoji.php\/v9\/t57\/1\/16\/1f4f1.png\" alt=\"\ud83d\udcf1\" width=\"16\" height=\"16\" \/><\/span> Gera\u00e7\u00e3o Z (1997\u20132012)<\/div>\n<div dir=\"auto\">Verdadeiros nativos digitais, cresceram imersos em smartphones, redes sociais, memes, influenciadores e ativos sociais online.<\/div>\n<div dir=\"auto\"><span class=\"html-span xexx8yu x4uap5 x18d9i69 xkhd6sd x1hl2dhg x16tdsg8 x1vvkbs x3nfvp2 x1j61x8r x1fcty0u xdj266r xat24cr xgzva0m xhhsvwb xxymvpz xlup9mm x1kky2od\"><img loading=\"lazy\" decoding=\"async\" class=\"xz74otr x168nmei x13lgxp2 x5pf9jr xo71vjh\" src=\"https:\/\/static.xx.fbcdn.net\/images\/emoji.php\/v9\/tf4\/1\/16\/2728.png\" alt=\"\u2728\" width=\"16\" height=\"16\" \/><\/span>Gera\u00e7\u00e3o Alfa (2013\u20132024)<\/div>\n<div dir=\"auto\">Filhos dos Millennials, representam a primeira gera\u00e7\u00e3o inteiramente nascida no s\u00e9culo XXI. Desde cedo, interagem com intelig\u00eancia artificial, assistentes virtuais e plataformas digitais como YouTube e Instagram.<\/div>\n<div dir=\"auto\"><span class=\"html-span xexx8yu x4uap5 x18d9i69 xkhd6sd x1hl2dhg x16tdsg8 x1vvkbs x3nfvp2 x1j61x8r x1fcty0u xdj266r xat24cr xgzva0m xhhsvwb xxymvpz xlup9mm x1kky2od\"><img loading=\"lazy\" decoding=\"async\" class=\"xz74otr x168nmei x13lgxp2 x5pf9jr xo71vjh\" src=\"https:\/\/static.xx.fbcdn.net\/images\/emoji.php\/v9\/t2d\/1\/16\/2666.png\" alt=\"\u2666\ufe0f\" width=\"16\" height=\"16\" \/><\/span>Agora, vem a\u00ed: Gera\u00e7\u00e3o Beta ou Rubi (2025\u2013a provavelmente 2039) &#8211; na plena iA.<\/div>\n<div dir=\"auto\">Os Betas v\u00e3o crescer em uma realidade profundamente tecnol\u00f3gica e ecol\u00f3gica, onde:<\/div>\n<div dir=\"auto\">\u2022 A intelig\u00eancia artificial estar\u00e1 integrada \u00e0 educa\u00e7\u00e3o, sa\u00fade e vida dom\u00e9stica.<\/div>\n<div dir=\"auto\">\u2022 A sustentabilidade ser\u00e1 uma pr\u00e1tica di\u00e1ria, n\u00e3o mais um conceito opcional.<\/div>\n<div dir=\"auto\">\u2022 Realidade virtual, rob\u00f4s e automa\u00e7\u00e3o ser\u00e3o aspectos naturais do cotidiano.<\/div>\n<div dir=\"auto\">\u2022 Ser\u00e3o influenciados por um legado de lutas por direitos humanos, diversidade e inclus\u00e3o.<\/div>\n<div dir=\"auto\">Expectativas para a Gera\u00e7\u00e3o Beta:<\/div>\n<div dir=\"auto\">\u2022 Representar\u00e3o cerca de 16% da popula\u00e7\u00e3o mundial at\u00e9 2035.<\/div>\n<div dir=\"auto\">\u2022 A expectativa de vida poder\u00e1 ultrapassar os 110 anos, gra\u00e7as aos avan\u00e7os m\u00e9dicos e biotecnol\u00f3gicos.<\/div>\n<div dir=\"auto\">\u2022 Tend\u00eancias para nomes: muitos ser\u00e3o inspirados em temas naturais, tecnol\u00f3gicos e c\u00f3smicos, como Luna, Aurora, Atlas, Neo, Gaia e seres gal\u00e1cticos (como o Solarim nosso avatar).<\/div>\n<div dir=\"auto\">Principais desafios:<\/div>\n<div dir=\"auto\">\u2022 Lidar com a avalanche de desinforma\u00e7\u00e3o e desenvolver pensamento cr\u00edtico desde a inf\u00e2ncia.<\/div>\n<div dir=\"auto\">\u2022 Equilibrar a vida digital com a constru\u00e7\u00e3o de rela\u00e7\u00f5es humanas reais e profundas.<\/div>\n<div dir=\"auto\">\u2022 Cultivar intelig\u00eancia emocional em meio \u00e0 hiperconectividade e \u00e0 automa\u00e7\u00e3o.<\/div>\n<div dir=\"auto\">Como esta gera\u00e7\u00e3o ainda est\u00e1 para nascer em sua maior parte, suas caracter\u00edsticas definidoras ser\u00e3o moldadas pelos desenvolvimentos tecnol\u00f3gicos, ambientais, sociais e econ\u00f4micos das pr\u00f3ximas d\u00e9cadas:<\/div>\n<div dir=\"auto\">&#8211; Crescer em um ambiente ainda mais integrado com tecnologia, possivelmente com intelig\u00eancia artificial como parte normal do cotidiano<\/div>\n<div dir=\"auto\">&#8211; Ter experi\u00eancias educacionais significativamente diferentes das gera\u00e7\u00f5es anteriores<\/div>\n<div dir=\"auto\">&#8211; Enfrentar novos desafios relacionados \u00e0s mudan\u00e7as clim\u00e1ticas e sustentabilidade<\/div>\n<div dir=\"auto\">&#8211; Desenvolver-se em um mundo com conceitos diferentes de trabalho, privacidade e conex\u00e3o social.<\/div>\n<div dir=\"auto\">&#8211; Gera\u00e7\u00e3o Rubi\/Beta: crian\u00e7as com a for\u00e7a da vitalidade, a consci\u00eancia da nova era e o brilho necess\u00e1rio para transformar o mundo.<\/div>\n<div dir=\"auto\">O Futuro Est\u00e1 Sendo Plantado Agora<\/div>\n<div class=\"x11i5rnm xat24cr x1mh8g0r x1vvkbs xtlvy1s x126k92a\">\n<p dir=\"auto\" style=\"text-align: justify;\">A Gera\u00e7\u00e3o Rubi\/Beta n\u00e3o \u00e9 apenas a pr\u00f3xima sequ\u00eancia do alfabeto e nem das gera\u00e7\u00f5es indigo e cristal: ela representa uma oportunidade \u00fanica de reinventar o mundo com mais consci\u00eancia, tecnologia e empatia. O novo ciclo j\u00e1 come\u00e7ou \u2014 e as sementes do futuro est\u00e3o sendo cuidadosamente lan\u00e7adas hoje.<\/p>\n<\/div>\n<p dir=\"auto\">@Pleiadianos<\/p>\n<div class='epvc-post-count'><span class='epvc-eye'><\/span>  <span class=\"epvc-count\"> 891<\/span><span class='epvc-label'> Views<\/span><\/div>","protected":false},"excerpt":{"rendered":"<p>O mundo dar\u00e1 as boas-vindas \u00e0 Gera\u00e7\u00e3o Beta \u2014 formada por todos os nascidos entre 2025 e 2039. Esta nova gera\u00e7\u00e3o ser\u00e1 moldada por um cen\u00e1rio de avan\u00e7os impressionantes na intelig\u00eancia artificial, automa\u00e7\u00e3o e tecnologia, holografia espacial, realidade aumentada e tamb\u00e9m pelas urgentes transforma\u00e7\u00f5es clim\u00e1ticas que marcam nossa \u00e9poca. Mas antes de olharmos para o [&hellip;]<\/p>\n","protected":false},"author":1,"featured_media":0,"comment_status":"closed","ping_status":"closed","sticky":false,"template":"","format":"standard","meta":{"footnotes":""},"categories":[7],"tags":[],"class_list":["post-18687","post","type-post","status-publish","format-standard","hentry","category-espiritualidade"],"amp_enabled":true,"_links":{"self":[{"href":"https:\/\/espacodosol.com\/blog\/index.php\/wp-json\/wp\/v2\/posts\/18687","targetHints":{"allow":["GET"]}}],"collection":[{"href":"https:\/\/espacodosol.com\/blog\/index.php\/wp-json\/wp\/v2\/posts"}],"about":[{"href":"https:\/\/espacodosol.com\/blog\/index.php\/wp-json\/wp\/v2\/types\/post"}],"author":[{"embeddable":true,"href":"https:\/\/espacodosol.com\/blog\/index.php\/wp-json\/wp\/v2\/users\/1"}],"replies":[{"embeddable":true,"href":"https:\/\/espacodosol.com\/blog\/index.php\/wp-json\/wp\/v2\/comments?post=18687"}],"version-history":[{"count":1,"href":"https:\/\/espacodosol.com\/blog\/index.php\/wp-json\/wp\/v2\/posts\/18687\/revisions"}],"predecessor-version":[{"id":18689,"href":"https:\/\/espacodosol.com\/blog\/index.php\/wp-json\/wp\/v2\/posts\/18687\/revisions\/18689"}],"wp:attachment":[{"href":"https:\/\/espacodosol.com\/blog\/index.php\/wp-json\/wp\/v2\/media?parent=18687"}],"wp:term":[{"taxonomy":"category","embeddable":true,"href":"https:\/\/espacodosol.com\/blog\/index.php\/wp-json\/wp\/v2\/categories?post=18687"},{"taxonomy":"post_tag","embeddable":true,"href":"https:\/\/espacodosol.com\/blog\/index.php\/wp-json\/wp\/v2\/tags?post=18687"}],"curies":[{"name":"wp","href":"https:\/\/api.w.org\/{rel}","templated":true}]}}