{"id":18696,"date":"2025-06-06T15:08:25","date_gmt":"2025-06-06T18:08:25","guid":{"rendered":"https:\/\/espacodosol.com\/blog\/?p=18696"},"modified":"2025-06-06T15:08:25","modified_gmt":"2025-06-06T18:08:25","slug":"emmanuel-dagher-previsao-da-energia-de-junho-2025","status":"publish","type":"post","link":"https:\/\/espacodosol.com\/blog\/index.php\/2025\/06\/06\/emmanuel-dagher-previsao-da-energia-de-junho-2025\/","title":{"rendered":"Emmanuel Dagher &#8211; Previs\u00e3o da Energia de Junho 2025"},"content":{"rendered":"<p><img loading=\"lazy\" decoding=\"async\" class=\"alignnone size-medium wp-image-18697\" src=\"http:\/\/espacodosol.com\/blog\/wp-content\/uploads\/2025\/06\/energia_Jun25-169x300.jpg\" alt=\"\" width=\"169\" height=\"300\" srcset=\"https:\/\/espacodosol.com\/blog\/wp-content\/uploads\/2025\/06\/energia_Jun25-169x300.jpg 169w, https:\/\/espacodosol.com\/blog\/wp-content\/uploads\/2025\/06\/energia_Jun25-576x1024.jpg 576w, https:\/\/espacodosol.com\/blog\/wp-content\/uploads\/2025\/06\/energia_Jun25.jpg 736w\" sizes=\"auto, (max-width: 169px) 100vw, 169px\" \/><\/p>\n<p style=\"text-align: justify;\">Nas \u00faltimas semanas, uma poderosa atividade solar tem interagido com o campo magn\u00e9tico da Terra, enviando ondas de energia que afetam profundamente nosso sistema nervoso, o nosso corpo emocional e a nossa evolu\u00e7\u00e3o espiritual. Adicione um Solst\u00edcio iminente e voc\u00ea ter\u00e1 algumas das energias mais potentes do ano.<\/p>\n<p style=\"text-align: justify;\">\n<strong>DESPERTANDO A LIBERDADE &#8211; COME\u00c7ANDO AGORA<\/strong><\/p>\n<p style=\"text-align: justify;\">Voc\u00ea pode se ver oscilando entre estados de esp\u00edrito, revendo mem\u00f3rias antigas, com dificuldades para dormir ou desejando a solid\u00e3o.<\/p>\n<p style=\"text-align: justify;\">Sua intui\u00e7\u00e3o pode estar mais agu\u00e7ada do que nunca. Ou voc\u00ea pode sentir uma urg\u00eancia em fazer mudan\u00e7as em sua vida, mesmo que o pr\u00f3ximo passo ainda n\u00e3o esteja claro.<\/p>\n<p style=\"text-align: justify;\">Todos esses s\u00e3o sinais de que todo o seu ser est\u00e1 respondendo a uma grande atualiza\u00e7\u00e3o energ\u00e9tica.<br \/>\nEm vez de resistir ao que est\u00e1 por vir, este \u00e9 o momento de se inclinar suavemente.<\/p>\n<p style=\"text-align: justify;\">Descanse mais. Desconecte-se quando puder. Registre seus sentimentos sem precisar corrigi-los. Conecte-se com a natureza e honre a sabedoria do seu corpo.<\/p>\n<p style=\"text-align: justify;\">O que est\u00e1 emergindo n\u00e3o est\u00e1 aqui para puni-lo. Est\u00e1 emergindo para ser visto, sentido e liberado para que voc\u00ea possa se alinhar melhor com o seu verdadeiro caminho.<\/p>\n<p style=\"text-align: justify;\">Essa mudan\u00e7a est\u00e1 aqui para ajud\u00e1-lo a se libertar dos velhos padr\u00f5es e identidades ultrapassados \u200b\u200bque n\u00e3o lhe servem mais. Mesmo que as coisas pare\u00e7am incertas ou intensas, confie que algo extraordin\u00e1rio est\u00e1 nascendo atrav\u00e9s de voc\u00ea.<\/p>\n<p style=\"text-align: justify;\">Voc\u00ea n\u00e3o est\u00e1 desmoronando. Voc\u00ea est\u00e1 sendo remontado \u00e0 pr\u00f3xima vers\u00e3o, mais brilhante, de si mesmo.<\/p>\n<p style=\"text-align: justify;\">Com a imensa quantidade de atividade solar ocorrendo agora, um dos maiores temas que surgem para todos n\u00f3s \u00e9 a liberdade.<\/p>\n<p style=\"text-align: justify;\">A liberdade desperta esteve escassa em nossa consci\u00eancia pessoal e coletiva por muito tempo. Mas, desde o final da d\u00e9cada de 50 e in\u00edcio da d\u00e9cada de 60, aspectos dela come\u00e7aram a retornar \u00e0 consci\u00eancia humana e v\u00eam se acumulando desde ent\u00e3o.<\/p>\n<p style=\"text-align: justify;\">Este despertar finalmente permitiu que a mente coletiva da humanidade se abrisse e se conectasse com a frequ\u00eancia da liberdade completa, que agora est\u00e1 entrando em nossa consci\u00eancia.<\/p>\n<p style=\"text-align: justify;\">Menciono especificamente a mente aqui, porque nossos Esp\u00edritos sempre operaram no reino da liberdade completa.<\/p>\n<p style=\"text-align: justify;\">A liberdade completa ainda n\u00e3o foi plenamente realizada nas mentes da humanidade, porque a mente coletiva se ensinou h\u00e1 muito tempo a operar e se confortar em padr\u00f5es de sobreviv\u00eancia.<\/p>\n<p style=\"text-align: justify;\">Esses padr\u00f5es levaram \u00e0 cren\u00e7a de que nossa mente tem limita\u00e7\u00f5es e deve agir de acordo com regras espec\u00edficas. Isso tamb\u00e9m levou a mente a ser condicionada \u00e0 cren\u00e7a de que tudo o que ela v\u00ea como um risco ou perigo potencial que enfrentamos na terceira dimens\u00e3o \u00e9 muito real.<\/p>\n<p style=\"text-align: justify;\">Portanto, ela deve se proteger a qualquer custo.<\/p>\n<p style=\"text-align: justify;\">Foi a\u00ed que os padr\u00f5es de sobreviv\u00eancia da humanidade come\u00e7aram.<\/p>\n<p style=\"text-align: justify;\"><strong>O DESPERTAR DA LIBERDADE<\/strong><\/p>\n<p style=\"text-align: justify;\">Os velhos padr\u00f5es de sobreviv\u00eancia profundamente enraizados com que estivemos nos identificando por tanto tempo estiveram se manifestando nas \u00faltimas semanas.<\/p>\n<p style=\"text-align: justify;\">Voc\u00ea percebeu?<\/p>\n<p style=\"text-align: justify;\">Isto est\u00e1 acontecendo porque estamos sendo solicitados a observar bem se queremos continuar repetindo estes padr\u00f5es de sobreviv\u00eancia, ou se agora estamos preparados para nos movermos em uma dire\u00e7\u00e3o de completa liberta\u00e7\u00e3o do passado.<\/p>\n<p style=\"text-align: justify;\">Liberta\u00e7\u00e3o das ilus\u00f5es da limita\u00e7\u00e3o e do medo que uma vez criamos para n\u00f3s mesmos.<\/p>\n<p style=\"text-align: justify;\">Uma das maneiras mais eficazes que podemos come\u00e7ar a entrar em completa liberdade, \u00e9 questionar os julgamentos ou pensamentos de medo que a nossa mente tem sobre si mesma, sobre os outros e a vida em geral.<\/p>\n<p style=\"text-align: justify;\">Por exemplo, digamos que a sua mente tem um pensamento que segue assim:<\/p>\n<p style=\"text-align: justify;\">&#8220;Ningu\u00e9m me compreende.&#8221;<\/p>\n<p style=\"text-align: justify;\">Voc\u00ea j\u00e1 teve um pensamento assim em algum momento de sua vida?<\/p>\n<p style=\"text-align: justify;\">Se um pensamento assim sempre surgir, pergunte a sua mente:<\/p>\n<p style=\"text-align: justify;\">&#8220;Isto \u00e9 100% uma verdade Universal, que ningu\u00e9m compreende? E ainda que voc\u00ea sinta que \u00e9 completamente verdadeiro, voc\u00ea quer que as coisas permane\u00e7am da mesma maneira?&#8221;<\/p>\n<p style=\"text-align: justify;\">Responda simplesmente sim ou n\u00e3o.<\/p>\n<p style=\"text-align: justify;\">Se responder com um sim, eu o convidaria a considerar o seguinte:<\/p>\n<p style=\"text-align: justify;\">Existe alguma chance de que, em algum n\u00edvel inconsciente, voc\u00ea tenha escolhido ser incompreendido, se separar dos outros, como forma de se manter seguro e protegido?<\/p>\n<p style=\"text-align: justify;\">Se houver pelo menos 0,5% de chance de que a experi\u00eancia de ser incompreendido seja simplesmente uma defesa que sua mente criou para se manter segura, para evitar se sentir vulner\u00e1vel perto de outras pessoas, ent\u00e3o este pode ser um momento transformador para voc\u00ea!<\/p>\n<p style=\"text-align: justify;\">Porque quando percebemos que cada experi\u00eancia em nossas vidas \u00e9 resultado de termos escolhido aquela experi\u00eancia em algum n\u00edvel do nosso ser, estejamos conscientes disso ou n\u00e3o, n\u00e3o precisamos mais nos envolver em padr\u00f5es de v\u00edtima\/sobreviv\u00eancia como nossa verdade.<\/p>\n<p style=\"text-align: justify;\">No momento em que percebemos que nunca se tratou dos &#8220;outros&#8221; nos entenderem mal, mas sim de n\u00f3s mesmos nos entendermos mal, ent\u00e3o retomamos nosso poder e nos tornamos o Criador da nossa vida novamente.<\/p>\n<p style=\"text-align: justify;\">Vejamos outro pensamento que pode ter estado profundamente enraizado em nossa consci\u00eancia:<\/p>\n<p style=\"text-align: justify;\">&#8220;Como uma pessoa espiritualizada que oferece servi\u00e7os de cura, sinto que \u00e9 errado aceitar dinheiro por esses servi\u00e7os.&#8221;<\/p>\n<p style=\"text-align: justify;\">Se voc\u00ea j\u00e1 teve esse ou um pensamento semelhante, pergunte-se:<\/p>\n<p style=\"text-align: justify;\">&#8220;Eu sei que isso \u00e9 uma verdade absoluta? E se assim for, o que me levou a acreditar que essa ideia \u00e9 verdadeira?&#8221;<\/p>\n<p style=\"text-align: justify;\">Veja o que lhe vem \u00e0 mente. Pode ser um pensamento que decorre de uma educa\u00e7\u00e3o religiosa nesta vida, ou uma cren\u00e7a que vem de uma vida passada, na qual voc\u00ea equiparou pobreza a ser mais espiritualmente consciente.<\/p>\n<p style=\"text-align: justify;\">Pode ser simplesmente que voc\u00ea tenha visto tantas pessoas abusarem de seu poder, especialmente quando se trata de sua rela\u00e7\u00e3o com o dinheiro, que voc\u00ea decidiu julgar e culpar o pr\u00f3prio dinheiro, considerando-o indigno de seu tempo, energia ou espa\u00e7o.<\/p>\n<p style=\"text-align: justify;\">Mas voc\u00ea consegue imaginar o quanto o seu melhor amigo ficaria traumatizado se voc\u00ea o culpasse por todos os problemas do mundo?<\/p>\n<p style=\"text-align: justify;\">Bem, com o dinheiro n\u00e3o \u00e9 diferente! Ele tem consci\u00eancia. Ele sente e responde aos nossos sentimentos em rela\u00e7\u00e3o a ele e quer nos ajudar.<\/p>\n<p style=\"text-align: justify;\">O dinheiro foi originalmente concebido como um s\u00edmbolo que representa uma troca de energia. Essa troca faz parte de um sistema universal de equil\u00edbrio energ\u00e9tico, conhecido como Princ\u00edpio da Circula\u00e7\u00e3o.<\/p>\n<p style=\"text-align: justify;\">Isso tamb\u00e9m significa que a energia que o dinheiro representa est\u00e1 viva e sempre esteve viva.<\/p>\n<p style=\"text-align: justify;\">Voc\u00ea pode imaginar o que acontece quando tratamos qualquer \u00e1rea da vida de uma forma cruel e sem amor, separando-a de n\u00f3s por meio da nossa rejei\u00e7\u00e3o.<\/p>\n<p style=\"text-align: justify;\">Se fiz\u00e9ssemos isso com um melhor amigo ou parceiro, eles correriam para o outro lado e nunca mais nos veriam!<\/p>\n<p style=\"text-align: justify;\">Quando olhamos para a cren\u00e7a que diz: &#8220;Como uma pessoa espiritualizada que oferece servi\u00e7os de cura, eu n\u00e3o deveria aceitar dinheiro por esse trabalho&#8221;, podemos ver claramente que esse \u00e9 um julgamento que decidimos fazer.<\/p>\n<p style=\"text-align: justify;\">Como resultado desse julgamento, n\u00e3o apenas nos bloqueamos de permitir uma troca de energia que honra nosso tempo e esfor\u00e7os. Tamb\u00e9m desonramos a energia do pr\u00f3prio dinheiro, que \u00e9 simplesmente a energia de dar e receber amor.<\/p>\n<p style=\"text-align: justify;\">Essa decis\u00e3o pode ter se baseado em nosso julgamento sobre como algumas pessoas tratam o dinheiro (com gan\u00e2ncia, por exemplo). Ent\u00e3o, decidimos julgar o dinheiro de maneiras que n\u00e3o honram a n\u00f3s mesmos, nem o papel sagrado do dinheiro no mundo.<\/p>\n<p style=\"text-align: justify;\">Voc\u00ea pode ver que, quando come\u00e7amos a questionar nossos pensamentos, criamos uma abertura em nossa consci\u00eancia por meio da qual podemos nos expandir para estados mais elevados de consci\u00eancia e, finalmente, para a liberdade completa.<\/p>\n<p style=\"text-align: justify;\">Se voc\u00ea est\u00e1 sentindo alguma resist\u00eancia ao que acabou de ler, ou sentindo culpa ou tristeza por julgamentos e cren\u00e7as que teve no passado, saiba que essas ideias foram formadas durante uma \u00e9poca em que todos n\u00f3s simplesmente faz\u00edamos o melhor que pod\u00edamos com o que sab\u00edamos na \u00e9poca.<\/p>\n<p style=\"text-align: justify;\">No passado, nossa mente simplesmente escolheu operar no modo de sobreviv\u00eancia, o que \u00e9 outra maneira de dizer que ela decidiu fazer da prote\u00e7\u00e3o de si mesma sua prioridade m\u00e1xima.<\/p>\n<p style=\"text-align: justify;\">Mas e se ela n\u00e3o precisar mais usar padr\u00f5es de separa\u00e7\u00e3o e medo para se proteger?<\/p>\n<p style=\"text-align: justify;\">E se a mente finalmente pudesse se lembrar de que nosso Esp\u00edrito nos manteve seguros o tempo todo, mesmo quando pens\u00e1vamos o contr\u00e1rio?<\/p>\n<p style=\"text-align: justify;\">Isso n\u00e3o nos d\u00e1 espa\u00e7o para experimentar coisas novas que nos ajudar\u00e3o a expandir para estados maiores de vitalidade, consci\u00eancia e ser?<\/p>\n<p style=\"text-align: justify;\">A mente se tornou muito confort\u00e1vel em se identificar com padr\u00f5es de sobreviv\u00eancia, de modo que, quando ocorrem aberturas celestiais em nossa consci\u00eancia pessoal e global, ela experimenta muito desconforto.<\/p>\n<p style=\"text-align: justify;\">Nossa \u00fanica fun\u00e7\u00e3o, quando isso acontece, \u00e9 ser uma presen\u00e7a compassiva para a mente enquanto ela se ajusta e se liberta dos velhos padr\u00f5es.<\/p>\n<p style=\"text-align: justify;\">Isso requer que simplesmente observemos a resist\u00eancia da mente, sem tentar corrigi-la, mud\u00e1-la ou salv\u00e1-la.<\/p>\n<p style=\"text-align: justify;\">Basta observar e enviar-lhe amor, e a mente n\u00e3o sentir\u00e1 mais necessidade de resistir \u00e0s mudan\u00e7as que est\u00e3o acontecendo. A mente pode ent\u00e3o, em seu pr\u00f3prio tempo, relaxar em nosso afeto e compaix\u00e3o, como uma crian\u00e7a se sentiria segura nos bra\u00e7os amorosos de um pai ou cuidador.<\/p>\n<p style=\"text-align: justify;\"><strong>OS EFEITOS DE ACEITAR A LIBERDADE COMPLETA<\/strong><\/p>\n<p style=\"text-align: justify;\">\u00c0 medida que continuamos fazendo nosso trabalho interno e abandonando padr\u00f5es de sobreviv\u00eancia, enquanto aceitamos a liberdade completa de sermos nossos Eus Divinos completos, podemos notar algumas mudan\u00e7as, como:<\/p>\n<p style=\"text-align: justify;\">Liberamos a necessidade de culpar todos os outros pelos problemas que surgem em nossas vidas<\/p>\n<p style=\"text-align: justify;\">Assumimos total responsabilidade por, em algum n\u00edvel, termos escolhido passar por cada experi\u00eancia para aprender e crescer com ela, e para receber clareza sobre o que realmente queremos criar<\/p>\n<p style=\"text-align: justify;\">Liberamos a necessidade de agradar aos outros apenas para nos encaixarmos ou sermos amados<\/p>\n<p style=\"text-align: justify;\">Expressamos nossa verdade de maneiras alinhadas com o nosso bem maior<\/p>\n<p style=\"text-align: justify;\">Experimentamos coisas novas que nos ajudam a expandir<\/p>\n<p style=\"text-align: justify;\">Entramos em novos relacionamentos baseados em honrar e celebrar a liberdade um do outro, em vez de sermos possessivos ou controladores<\/p>\n<p style=\"text-align: justify;\">Desenvolvemos uma conex\u00e3o profunda com o Esp\u00edrito que ultrapassa toda a l\u00f3gica<\/p>\n<p style=\"text-align: justify;\">Abandonamos a necessidade de microgerenciar nossas vidas e as vidas dos outros<\/p>\n<p style=\"text-align: justify;\">Tornamo-nos a prioridade em nossas vidas<\/p>\n<p style=\"text-align: justify;\">N\u00e3o nos escondemos mais; Aprendemos a operar a partir da parte mais aut\u00eantica e honesta de n\u00f3s mesmos.<\/p>\n<p style=\"text-align: justify;\">Come\u00e7amos a viver a vida ao m\u00e1ximo, em vez de simplesmente passar o dia sem inspira\u00e7\u00e3o e fazendo o que nos disseram que &#8220;dever\u00edamos&#8221; fazer.<\/p>\n<p style=\"text-align: justify;\">Sentimos um senso mais profundo de amor e compaix\u00e3o por toda a vida, incluindo n\u00f3s mesmos, nossa crian\u00e7a interior, outras pessoas, nossas experi\u00eancias e nossa jornada.<\/p>\n<p style=\"text-align: justify;\">Operamos em um mundo de abund\u00e2ncia e alegria eternas.<\/p>\n<p style=\"text-align: justify;\">Criamos equil\u00edbrio e bem-estar f\u00edsico, mental e emocional em todas as \u00e1reas de nossas vidas.<\/p>\n<p style=\"text-align: justify;\">Portanto, da pr\u00f3xima vez que sua mente tentar convenc\u00ea-lo de que as energias pelas quais estamos passando s\u00e3o desafiadoras, lembre-se de alguns dos resultados incr\u00edveis de ser livre!<\/p>\n<p style=\"text-align: justify;\">Ent\u00e3o, seja essa presen\u00e7a compassiva para sua mente, para que, \u00e0 medida que os gatilhos emocionais vierem \u00e0 tona, ela possa lidar com eles com mais facilidade.<\/p>\n<p style=\"text-align: justify;\">Se voc\u00ea tem participado do seu trabalho interior nos \u00faltimos meses, devido a todas as mudan\u00e7as que est\u00e3o acontecendo ao nosso redor, deve ter notado a vontade de rir muito mais ultimamente, de brincar e de se sentir crian\u00e7a novamente.<\/p>\n<p style=\"text-align: justify;\">Isso \u00e9 a confirma\u00e7\u00e3o de que voc\u00ea est\u00e1 entrando na pr\u00f3xima fase da sua jornada, que \u00e9 se tornar um ser iluminado.<\/p>\n<p style=\"text-align: justify;\">Um dos maiores efeitos de experimentar a liberdade completa \u00e9 que nos tornamos seres iluminados.<\/p>\n<p style=\"text-align: justify;\">Ilumina\u00e7\u00e3o n\u00e3o significa passar a vida inteira sentado no topo de uma montanha rezando. Embora, se isso lhe traz alegria e realiza\u00e7\u00e3o, pode muito bem levar a isso.<\/p>\n<p style=\"text-align: justify;\">Ilumina\u00e7\u00e3o significa simplesmente &#8220;relaxar, descontrair&#8221;.<\/p>\n<p style=\"text-align: justify;\">A maioria das pessoas, especialmente aquelas que fazem parte do movimento espiritual\/nova era, tende a levar a si mesmas e \u00e0 vida muito a s\u00e9rio.<\/p>\n<p style=\"text-align: justify;\">Minha observa\u00e7\u00e3o pessoal \u00e9 que isso se deve \u00e0 sua natureza emp\u00e1tica e ao desejo de querer &#8220;corrigir a humanidade&#8221;. Eles decidem que precisam salvar o mundo, ent\u00e3o colocam sobre seus ombros uma grande responsabilidade que, em primeiro lugar, n\u00e3o era para eles assumirem.<\/p>\n<p style=\"text-align: justify;\">Se voc\u00ea ainda est\u00e1 escolhendo criar esse tipo de realidade para si mesmo, pergunte-se:<\/p>\n<p style=\"text-align: justify;\">Como me serve acreditar que preciso salvar o mundo?<\/p>\n<p style=\"text-align: justify;\">Veja o que surge. No fundo, pode ser que voc\u00ea simplesmente acredite que precisa se salvar, inclusive ter que sentir a dor de outra pessoa.<\/p>\n<p style=\"text-align: justify;\">Mas como voc\u00ea pode salvar algu\u00e9m que j\u00e1 \u00e9 perfeito?<\/p>\n<p style=\"text-align: justify;\">O Universo\/seu Eu Superior s\u00e3o perfeitos. Eles nunca foram nada menos do que isso. Acontece que a mente precisou se distrair ao longo dos anos, para se manter dentro de uma realidade que sentia ser segura.<\/p>\n<p style=\"text-align: justify;\">Ent\u00e3o, ela assumiu a necessidade de corrigir e mudar as coisas, de tentar fazer tudo ficar bem, para que pudesse se sentir segura novamente.<\/p>\n<p style=\"text-align: justify;\">Na verdade, no momento em que abandonamos a necessidade de resgatar, no momento em que escolhemos relaxar, aproveitarmos a vida e n\u00e3o nos preocuparmos mais com pequenas coisas, alcan\u00e7amos um estado de ser iluminado.<\/p>\n<p style=\"text-align: justify;\">Voc\u00ea consegue imaginar como ser\u00e1 o mundo quando todos baixarem a guarda e se permitirem brincar? Apreciar com alegria os presentes que a vida lhes oferece?<\/p>\n<p style=\"text-align: justify;\">Bem, acredite ou n\u00e3o&#8230; esta \u00e9 a realidade para a qual caminhamos. E come\u00e7a com cada um de n\u00f3s. Come\u00e7a com cada um de n\u00f3s escolhendo se comprometer consigo mesmo, aceitar que agora podemos aproveitar a vida.<\/p>\n<p style=\"text-align: justify;\">Para nos divertirmos e brincarmos novamente.<\/p>\n<p style=\"text-align: justify;\">Isso \u00e9 liberdade total!<\/p>\n<p style=\"text-align: justify;\"><strong>A MAGIA DO SOLST\u00cdCIO<\/strong><\/p>\n<p style=\"text-align: justify;\">O Solst\u00edcio de Junho de 2025 servir\u00e1 como um ponto de virada sagrado, onde os reinos da Luz se alinham para nos oferecer um convite profundo para uma encarna\u00e7\u00e3o superior.<\/p>\n<p style=\"text-align: justify;\">Este Solst\u00edcio n\u00e3o marca apenas o pico da luz no Hemisf\u00e9rio Norte ou a profundidade da quietude no Hemisf\u00e9rio Sul.<\/p>\n<p style=\"text-align: justify;\">\u00c9 um portal c\u00f3smico. Uma pausa divina.<\/p>\n<p style=\"text-align: justify;\">Um momento em que os v\u00e9us entre as linhas do tempo se afinam e somos apoiados para resgatar aspectos antigos da nossa alma que est\u00e3o prontos para serem lembrados, curados e integrados ao nosso agora.<\/p>\n<p style=\"text-align: justify;\">\u00c9 como se o batimento card\u00edaco do Universo se intensificasse, pulsando com encorajamento: \u00c9 a hora!<br \/>\nDe se elevar. De expandir. De reivindicar!<\/p>\n<p style=\"text-align: justify;\">Espiritualmente, este Solst\u00edcio \u00e9 um chamado claro para nos aprofundarmos mais plenamente em nosso Eu Divino.<\/p>\n<p style=\"text-align: justify;\">As energias est\u00e3o, de forma suave, por\u00e9m poderosa, dissolvendo o que nos tem pesado, incluindo pap\u00e9is ultrapassados, contratos c\u00e1rmicos e narrativas internas que n\u00e3o servem mais \u00e0 nossa expans\u00e3o.<\/p>\n<p style=\"text-align: justify;\">Muitos est\u00e3o sentindo uma reorganiza\u00e7\u00e3o interna, quase como se a alma estivesse reordenando tudo.<\/p>\n<p style=\"text-align: justify;\">Voc\u00ea pode sentir momentos de profunda clareza seguidos por ondas de libera\u00e7\u00e3o emocional \u2014 essa \u00e9 a luz realizando o seu trabalho sagrado, preparando-o para incorporar mais o seu Eu Superior com gra\u00e7a.<\/p>\n<p style=\"text-align: justify;\">E, em vez de &#8220;fazer&#8221; mais, estamos sendo solicitados a permitir, a nos rendermos ao milagre que se revela e que j\u00e1 est\u00e1 se movendo atrav\u00e9s de n\u00f3s.<\/p>\n<p style=\"text-align: justify;\">Vamos encarar este Solst\u00edcio como uma reinicializa\u00e7\u00e3o Divina. Vamos permitir que cada respira\u00e7\u00e3o se torne uma \u00e2ncora.<\/p>\n<p style=\"text-align: justify;\">Vamos permitir que a luz que \u00e9 a base de quem somos em nossa ess\u00eancia se torne nosso guia, afirmando ao Universo: &#8220;Estou pronto agora para viver como a vers\u00e3o mais plena e desperta de quem eu realmente sou. E assim \u00e9!&#8221;<\/p>\n<p style=\"text-align: justify;\">At\u00e9 a pr\u00f3xima,<\/p>\n<p style=\"text-align: justify;\"><strong>Com gratid\u00e3o,<\/strong><\/p>\n<p style=\"text-align: justify;\"><strong>Emmanuel<a href=\"https:\/\/emmanueldagher.com\" target=\"_blank\" rel=\"noopener\">https:\/\/emmanueldagher.com<\/a><\/strong><\/p>\n<p style=\"text-align: justify;\">Tradu\u00e7\u00e3o: Regina Drumond &#8211; <a href=\"http:\/\/reginamadrumond@yahoo.com.br\" target=\"_blank\" rel=\"noopener\">reginamadrumond@yahoo.com.br<\/a><\/p>\n<p>https:\/\/anjodeluz.ning.com<\/p>\n<div class='epvc-post-count'><span class='epvc-eye'><\/span>  <span class=\"epvc-count\"> 709<\/span><span class='epvc-label'> Views<\/span><\/div>","protected":false},"excerpt":{"rendered":"<p>Nas \u00faltimas semanas, uma poderosa atividade solar tem interagido com o campo magn\u00e9tico da Terra, enviando ondas de energia que afetam profundamente nosso sistema nervoso, o nosso corpo emocional e a nossa evolu\u00e7\u00e3o espiritual. Adicione um Solst\u00edcio iminente e voc\u00ea ter\u00e1 algumas das energias mais potentes do ano. DESPERTANDO A LIBERDADE &#8211; COME\u00c7ANDO AGORA Voc\u00ea [&hellip;]<\/p>\n","protected":false},"author":1,"featured_media":0,"comment_status":"closed","ping_status":"closed","sticky":false,"template":"","format":"standard","meta":{"footnotes":""},"categories":[1],"tags":[],"class_list":["post-18696","post","type-post","status-publish","format-standard","hentry","category-sem-categoria"],"amp_enabled":true,"_links":{"self":[{"href":"https:\/\/espacodosol.com\/blog\/index.php\/wp-json\/wp\/v2\/posts\/18696","targetHints":{"allow":["GET"]}}],"collection":[{"href":"https:\/\/espacodosol.com\/blog\/index.php\/wp-json\/wp\/v2\/posts"}],"about":[{"href":"https:\/\/espacodosol.com\/blog\/index.php\/wp-json\/wp\/v2\/types\/post"}],"author":[{"embeddable":true,"href":"https:\/\/espacodosol.com\/blog\/index.php\/wp-json\/wp\/v2\/users\/1"}],"replies":[{"embeddable":true,"href":"https:\/\/espacodosol.com\/blog\/index.php\/wp-json\/wp\/v2\/comments?post=18696"}],"version-history":[{"count":1,"href":"https:\/\/espacodosol.com\/blog\/index.php\/wp-json\/wp\/v2\/posts\/18696\/revisions"}],"predecessor-version":[{"id":18698,"href":"https:\/\/espacodosol.com\/blog\/index.php\/wp-json\/wp\/v2\/posts\/18696\/revisions\/18698"}],"wp:attachment":[{"href":"https:\/\/espacodosol.com\/blog\/index.php\/wp-json\/wp\/v2\/media?parent=18696"}],"wp:term":[{"taxonomy":"category","embeddable":true,"href":"https:\/\/espacodosol.com\/blog\/index.php\/wp-json\/wp\/v2\/categories?post=18696"},{"taxonomy":"post_tag","embeddable":true,"href":"https:\/\/espacodosol.com\/blog\/index.php\/wp-json\/wp\/v2\/tags?post=18696"}],"curies":[{"name":"wp","href":"https:\/\/api.w.org\/{rel}","templated":true}]}}