{"id":18749,"date":"2025-12-05T14:50:51","date_gmt":"2025-12-05T17:50:51","guid":{"rendered":"https:\/\/espacodosol.com\/blog\/?p=18749"},"modified":"2025-12-05T14:51:32","modified_gmt":"2025-12-05T17:51:32","slug":"emmanuel-dagher-relatorio-da-energia-para-dezembro-2025","status":"publish","type":"post","link":"https:\/\/espacodosol.com\/blog\/index.php\/2025\/12\/05\/emmanuel-dagher-relatorio-da-energia-para-dezembro-2025\/","title":{"rendered":"Emmanuel Dagher &#8211; Relatorio da Energia para Dezembro\/2025"},"content":{"rendered":"<p><img loading=\"lazy\" decoding=\"async\" class=\"alignnone size-medium wp-image-18751\" src=\"http:\/\/espacodosol.com\/blog\/wp-content\/uploads\/2025\/12\/Dezembro_2025-169x300.jpg\" alt=\"\" width=\"169\" height=\"300\" srcset=\"https:\/\/espacodosol.com\/blog\/wp-content\/uploads\/2025\/12\/Dezembro_2025-169x300.jpg 169w, https:\/\/espacodosol.com\/blog\/wp-content\/uploads\/2025\/12\/Dezembro_2025-576x1024.jpg 576w, https:\/\/espacodosol.com\/blog\/wp-content\/uploads\/2025\/12\/Dezembro_2025.jpg 736w\" sizes=\"auto, (max-width: 169px) 100vw, 169px\" \/><\/p>\n<p style=\"text-align: justify;\"><strong>O IN\u00cdCIO DE UMA NOVA ERA<\/strong><\/p>\n<p style=\"text-align: justify;\">Boas Festas!<\/p>\n<p style=\"text-align: justify;\">Como mencionado na Previs\u00e3o da Energia anterior, estamos em um dos momentos mais cruciais de nossas vidas.<\/p>\n<p style=\"text-align: justify;\">Estamos concluindo uma era poderosa de 9 anos, e as escolhas que fizermos agora moldar\u00e3o o cen\u00e1rio de nossa realidade pessoal e coletiva pelos pr\u00f3ximos anos.<\/p>\n<p style=\"text-align: justify;\">E aqui estamos, com apenas algumas semanas restantes em 2025, e uau, como as coisas mudaram desde o m\u00eas passado!<\/p>\n<p style=\"text-align: justify;\">Tanta coisa veio \u00e0 tona para ser vista, sentida e resolvida! Tanta coisa se reorganizou dentro de n\u00f3s, mesmo que a mente ainda esteja tentando assimilar o que o cora\u00e7\u00e3o j\u00e1 sabe.<\/p>\n<p style=\"text-align: justify;\"><strong>A Reta Final<\/strong><\/p>\n<p style=\"text-align: justify;\">Estas pr\u00f3ximas semanas, que antecedem o in\u00edcio do novo ciclo de 9 anos em 1\u00ba de Janeiro de 2026, s\u00e3o um convite para, com carinho, resolvermos quaisquer pend\u00eancias que ainda escolhamos carregar.<\/p>\n<p style=\"text-align: justify;\">Este \u00e9 um per\u00edodo sagrado para pausar, fazer um balan\u00e7o e decidir o que \u00e9 melhor levar para o pr\u00f3ximo cap\u00edtulo de nossas vidas.<\/p>\n<p style=\"text-align: justify;\">Este tamb\u00e9m \u00e9 um excelente momento para refletir sobre quais li\u00e7\u00f5es de vida, pessoas, lugares, experi\u00eancias e pr\u00e1ticas nos nutrem, nos fazem sentir vivos e est\u00e3o alinhados com quem somos agora.<\/p>\n<p style=\"text-align: justify;\">\u00c9 tamb\u00e9m o momento de liberar gentilmente o que n\u00e3o se encaixa mais na verdade do nosso ser, mesmo que antes nos parecesse familiar ou seguro.<\/p>\n<p style=\"text-align: justify;\">Alguns dos padr\u00f5es que nos afastam do nosso eu mais aut\u00eantico incluem preocupa\u00e7\u00e3o, culpa, medo, vergonha, julgamento, car\u00eancia e d\u00favida.<\/p>\n<p style=\"text-align: justify;\">Uma maneira simples de perceber o que est\u00e1 pedindo para ser liberado \u00e9 trazer cada um desses padr\u00f5es \u00e0 sua consci\u00eancia e, em seguida, observar como eles se manifestam no seu corpo.<\/p>\n<p style=\"text-align: justify;\">Algum deles parece expansivo, aberto e revigorante? Ou parece tenso, pesado e desgastante?<\/p>\n<p style=\"text-align: justify;\">No momento em que reconhecemos que n\u00e3o somos a energia da preocupa\u00e7\u00e3o, culpa, medo, vergonha, julgamento, car\u00eancia ou d\u00favida, e que esses s\u00e3o padr\u00f5es aprendidos com os quais a mente se identificou, criamos um espa\u00e7o poderoso entre quem realmente somos e o pr\u00f3prio padr\u00e3o.<\/p>\n<p style=\"text-align: justify;\">Nesse espa\u00e7o, o feiti\u00e7o come\u00e7a a se quebrar. Uma abertura surge, permitindo-nos escolher e incorporar novos padr\u00f5es que nos fortalecem e nos reconectam com nossa verdadeira ess\u00eancia.<\/p>\n<p style=\"text-align: justify;\">Padr\u00f5es como bondade, amor, apoio, compaix\u00e3o, leveza, gra\u00e7a, servi\u00e7o e gratid\u00e3o v\u00eam \u00e0 tona naturalmente quando lhes damos espa\u00e7o para isso.<\/p>\n<p style=\"text-align: justify;\">Nesta reta final do atual ciclo de 9 anos, muitos de n\u00f3s nos sentiremos guiados a concluir o que estava pendente. Projetos antigos, conversas e relacionamentos que pareciam inacabados est\u00e3o voltando \u00e0 tona.<\/p>\n<p style=\"text-align: justify;\">N\u00e3o para nos punir, mas para serem conclu\u00eddos com o m\u00e1ximo de amor e clareza poss\u00edvel.<\/p>\n<p style=\"text-align: justify;\">Essa purifica\u00e7\u00e3o n\u00e3o se trata de perda. Trata-se de criar espa\u00e7o para os desejos, vis\u00f5es e ora\u00e7\u00f5es que est\u00e3o prontos para se manifestar na pr\u00f3xima era de nossas vidas.<\/p>\n<p style=\"text-align: justify;\">Voc\u00ea poder\u00e1 notar temas destes \u00faltimos nove anos ressurgindo para uma \u00faltima reflex\u00e3o.<\/p>\n<p style=\"text-align: justify;\">Em vez de perguntar &#8220;Por que isso est\u00e1 acontecendo de novo?&#8221;, pode ser poderoso perguntar: &#8220;Que parte de mim est\u00e1 pronta para se libertar disso agora?&#8221;<\/p>\n<p style=\"text-align: justify;\">Quando acolhemos esses momentos com compaix\u00e3o em vez de autocr\u00edtica, o ciclo finalmente se completa e a energia que estava presa em hist\u00f3rias antigas fica dispon\u00edvel para novas cria\u00e7\u00f5es.<\/p>\n<p style=\"text-align: justify;\">No cen\u00e1rio global, podemos observar limpezas semelhantes acontecendo. Sistemas e estruturas que operavam em segredo, separa\u00e7\u00e3o ou sem integridade est\u00e3o lutando para se manterem unidos. Informa\u00e7\u00f5es que antes estavam enterradas agora v\u00eam \u00e0 tona.<\/p>\n<p style=\"text-align: justify;\">A Verdade Divina n\u00e3o se contenta mais em permanecer nas sombras!<\/p>\n<p style=\"text-align: justify;\">O ritmo dessa revela\u00e7\u00e3o continuar\u00e1 a se acelerar \u00e0 medida que avan\u00e7amos para o novo ciclo de 9 anos.<\/p>\n<p style=\"text-align: justify;\">Conforme isso acontece, pessoas emp\u00e1ticas, vision\u00e1rias, trabalhadores da luz e seres centrados no cora\u00e7\u00e3o em todo o mundo est\u00e3o sendo atra\u00eddos para uma conex\u00e3o mais forte e vis\u00edvel.<\/p>\n<p style=\"text-align: justify;\">Nossas vozes, antes dispersas, est\u00e3o se entrela\u00e7ando em um campo unificado que n\u00e3o pode ser ignorado.<\/p>\n<p style=\"text-align: justify;\">Esse campo coletivo apoiar\u00e1 a cria\u00e7\u00e3o de novas formas de viver e organizar a vida que honrem todos os habitantes da Terra, incluindo a humanidade, a M\u00e3e Terra e os reinos vegetal, mineral, celestial e animal.<\/p>\n<p style=\"text-align: justify;\">Cada vez mais pessoas vivenciar\u00e3o um despertar interior que as libertar\u00e1 da consci\u00eancia de v\u00edtima e medo, conduzindo-as \u00e0 consci\u00eancia de criador e amor.<\/p>\n<p style=\"text-align: justify;\">Todo despertar, por mais discreto que pare\u00e7a externamente, tem um profundo efeito no geral. Juntos, esse despertar forma uma onda que provocar\u00e1 mudan\u00e7as r\u00e1pidas e ineg\u00e1veis \u200b\u200bem como vivemos, criamos e cuidamos uns dos outros.<\/p>\n<p style=\"text-align: justify;\"><strong>O IMPACTO DOS EVENTOS MUNDIAIS<\/strong><\/p>\n<p style=\"text-align: justify;\">Nos \u00faltimos anos, muitos de n\u00f3s temos acompanhado os acontecimentos mundiais com uma mistura de intensidade, preocupa\u00e7\u00e3o e profunda intui\u00e7\u00e3o. Mudan\u00e7as pol\u00edticas, movimentos sociais, oscila\u00e7\u00f5es financeiras, eventos ambientais e r\u00e1pidos avan\u00e7os tecnol\u00f3gicos t\u00eam evidenciado a rapidez com que a realidade pode se transformar.<\/p>\n<p style=\"text-align: justify;\">Superficialmente, pode parecer ca\u00f3tico ou at\u00e9 mesmo sombrio em alguns momentos. Contudo, em um n\u00edvel mais profundo, algo dentro de n\u00f3s sabe que aquilo que est\u00e1 se desfazendo n\u00e3o pode nos conduzir ao futuro que viemos ajudar a construir.<\/p>\n<p style=\"text-align: justify;\">Os velhos h\u00e1bitos resistem \u00e0 mudan\u00e7a, mas a luz que penetra em nossos cora\u00e7\u00f5es e mentes \u00e9 simplesmente forte demais e constante demais para que possamos resistir a ela.<\/p>\n<p style=\"text-align: justify;\">Quando uma luz \u00e9 acesa em um quarto escuro, o quarto n\u00e3o escurece novamente s\u00f3 porque vimos o que estava escondido nos cantos. Da mesma forma, a quantidade de luz que j\u00e1 penetrou na consci\u00eancia humana est\u00e1 redefinindo a vida neste planeta.<\/p>\n<p style=\"text-align: justify;\">At\u00e9 mesmo as energias mais densas est\u00e3o sendo alquimizadas, \u00e0s vezes por meio de fric\u00e7\u00e3o e contraste, mas sempre com a inten\u00e7\u00e3o mais profunda de despertar.<\/p>\n<p style=\"text-align: justify;\">A resist\u00eancia, a indigna\u00e7\u00e3o e a divis\u00e3o que vemos no coletivo n\u00e3o s\u00e3o sinais de que estamos falhando. S\u00e3o sinais de que grandes mudan\u00e7as est\u00e3o em curso.<\/p>\n<p style=\"text-align: justify;\">A mente muitas vezes resiste pouco antes de uma expans\u00e3o, porque a expans\u00e3o exige que a mente afrouxe seu controle e sua certeza.<\/p>\n<p style=\"text-align: justify;\">Essa resist\u00eancia, pessoal e coletiva, \u00e9 a confirma\u00e7\u00e3o de que grandes mudan\u00e7as n\u00e3o est\u00e3o apenas chegando. Elas j\u00e1 est\u00e3o em movimento.<\/p>\n<p style=\"text-align: justify;\">Muitos de n\u00f3s sentimos ondas de tristeza pelo mundo, juntamente com ondas de profundo amor e possibilidades. Ambas s\u00e3o sagradas.<\/p>\n<p style=\"text-align: justify;\">Permitir-nos sentir o que sentimos, sem sucumbir ao desespero ou \u00e0 fuga espiritual, \u00e9 uma das coisas mais corajosas que podemos fazer agora.<\/p>\n<p style=\"text-align: justify;\">Nossa presen\u00e7a centrada \u00e9 um dos maiores presentes que podemos trazer para este momento.<\/p>\n<p style=\"text-align: justify;\"><strong>O Novo Horizonte<\/strong><\/p>\n<p style=\"text-align: justify;\">Superficialmente, as pessoas reagiram de maneiras muito diferentes \u00e0s mudan\u00e7as dos \u00faltimos nove anos. Algumas as celebraram, outras as lamentaram e muitas oscilaram entre a esperan\u00e7a e a incerteza.<\/p>\n<p style=\"text-align: justify;\">Pode parecer que estamos simplesmente reagindo aos eventos espec\u00edficos em si.<br \/>\nNo fundo, nossas almas reconhecem que o mundo jamais voltar\u00e1 a ser como era.<\/p>\n<p style=\"text-align: justify;\">Uma intelig\u00eancia mais profunda dentro de n\u00f3s sabe que n\u00e3o encarnamos para reviver o passado.<\/p>\n<p style=\"text-align: justify;\">Viemos para ajudar a inaugurar um novo modelo de vida que honre a verdade de quem realmente somos.<\/p>\n<p style=\"text-align: justify;\">A mudan\u00e7a pode ser intimidante para a mente, pois revela que ela n\u00e3o est\u00e1, de fato, no controle. Muitos dos resultados que presum\u00edamos serem certos se mostraram completamente diferentes.<\/p>\n<p style=\"text-align: justify;\">Embora isso possa ser desestabilizador, tamb\u00e9m abre espa\u00e7o para solu\u00e7\u00f5es, ideias e caminhos que n\u00e3o estavam dispon\u00edveis sob os antigos acordos.<\/p>\n<p style=\"text-align: justify;\">Aqueles que trilham um caminho de crescimento pessoal e espiritual sabem que nossas maiores conquistas geralmente acontecem ap\u00f3s nossos maiores fracassos.<\/p>\n<p style=\"text-align: justify;\">As estruturas que desmoronam em nossas vidas e em nosso mundo criam espa\u00e7o para que fundamentos mais aut\u00eanticos surjam.<\/p>\n<p style=\"text-align: justify;\">\u00c9 a\u00ed que nos encontramos como coletivo. Estamos no meio termo, onde o velho se dissolve e o novo ainda est\u00e1 se formando.<\/p>\n<p style=\"text-align: justify;\">Nesse espa\u00e7o, nossas escolhas di\u00e1rias importam mais do que nunca. Cada vez que escolhemos a presen\u00e7a em vez da reatividade, a compaix\u00e3o em vez da culpa, a criatividade em vez da resigna\u00e7\u00e3o, estamos votando com nossa energia pelo tipo de mundo em que queremos viver.<\/p>\n<p style=\"text-align: justify;\">Estamos semeando o novo horizonte com a frequ\u00eancia da realidade que sabemos ser poss\u00edvel.<\/p>\n<p style=\"text-align: justify;\"><strong>Ferramentas de Navega\u00e7\u00e3o<\/strong><\/p>\n<p style=\"text-align: justify;\">Para nos apoiarmos durante este per\u00edodo crucial, \u00e9 importante priorizarmos nosso bem-estar. Quanto mais recursos tivermos internamente, mais claramente poderemos ouvir nossa intui\u00e7\u00e3o e nos apresentar como uma presen\u00e7a estabilizadora para os outros.<\/p>\n<p style=\"text-align: justify;\">Aqui est\u00e3o algumas maneiras simples e pr\u00e1ticas de se apoiar agora:<\/p>\n<p style=\"text-align: justify;\">Reserve momentos di\u00e1rios de autocuidado e amor-pr\u00f3prio, mesmo que breves. Deixe seu corpo, mente e cora\u00e7\u00e3o sentirem que voc\u00ea est\u00e1 do lado deles.<\/p>\n<p style=\"text-align: justify;\">Limite sua exposi\u00e7\u00e3o a not\u00edcias e m\u00eddias que mant\u00eam seu sistema nervoso em constante estado de alerta. Informe-se de maneiras que sejam respeitosas com sua energia e, em seguida, retorne ao que lhe nutre.<\/p>\n<p style=\"text-align: justify;\">Passe tempo na natureza o m\u00e1ximo que puder. Deixe que o c\u00e9u, as \u00e1rvores, a \u00e1gua e a Terra lhe lembrem de um ritmo mais profundo do que qualquer manchete.<\/p>\n<p style=\"text-align: justify;\">Hidrate-se bem e nutra seu corpo com alimentos que lhe transmitam uma sensa\u00e7\u00e3o de pureza, vitalidade e bem-estar. Pequenas escolhas contribuem para uma maior clareza e vitalidade.<\/p>\n<p style=\"text-align: justify;\">Acolha suas emo\u00e7\u00f5es em vez de reprimi-las. Permita-se chorar, rir, dan\u00e7ar ou descansar conforme necess\u00e1rio. As emo\u00e7\u00f5es s\u00e3o energia em movimento e fluem com mais facilidade quando as honramos.<\/p>\n<p style=\"text-align: justify;\">Ofere\u00e7a seu tempo, presen\u00e7a ou recursos a uma pessoa, causa ou comunidade que esteja alinhada com seu cora\u00e7\u00e3o. Servir de forma aut\u00eantica pode ser profundamente curativo.<\/p>\n<p style=\"text-align: justify;\">Espalhe bondade e amor intencionalmente por onde voc\u00ea for, inclusive consigo mesmo. Uma palavra gentil, um sorriso sincero ou uma resposta paciente carregam um poder real.<\/p>\n<p style=\"text-align: justify;\">Pratique diariamente algo que o acalme e o centre. Pode ser medita\u00e7\u00e3o, ora\u00e7\u00e3o, respira\u00e7\u00e3o consciente, movimentos suaves ou uma gostosa risada.<\/p>\n<p style=\"text-align: justify;\">Expresse sua criatividade atrav\u00e9s da m\u00fasica, da arte, do movimento, da escrita, da culin\u00e1ria ou de qualquer outra atividade que lhe traga alegria. A criatividade abre caminho para novas solu\u00e7\u00f5es e para o fluxo de novas energias.<\/p>\n<p style=\"text-align: justify;\">Lembre-se de que, al\u00e9m dos pap\u00e9is, opini\u00f5es e identidades, somos uma s\u00f3 fam\u00edlia humana. Mesmo quando a mente tenta dividir, o cora\u00e7\u00e3o se lembra da nossa ess\u00eancia compartilhada.<\/p>\n<p style=\"text-align: justify;\"><strong>Definindo as nossas inten\u00e7\u00f5es para o pr\u00f3ximo ciclo de 9 anos<\/strong><\/p>\n<p style=\"text-align: justify;\">As pr\u00f3ximas semanas s\u00e3o um convite sagrado para termos clareza sobre a realidade que escolhemos criar ao entrarmos nos pr\u00f3ximos nove anos. Em vez de abordarmos isso com base em h\u00e1bitos de press\u00e3o ou perfeccionismo, podemos faz\u00ea-lo com curiosidade, leveza e profundo respeito pr\u00f3prio.<\/p>\n<p style=\"text-align: justify;\">Voc\u00ea pode se sentir inspirado a escrever suas inten\u00e7\u00f5es \u00e0 m\u00e3o, criar um quadro de visualiza\u00e7\u00e3o, realizar um pequeno ritual em casa ou reunir-se com alguns amigos para verbalizar suas vis\u00f5es.<\/p>\n<p style=\"text-align: justify;\">Voc\u00ea pode simplesmente escolher um sentimento que deseja cultivar com mais frequ\u00eancia, como paz, liberdade, intimidade, criatividade ou abund\u00e2ncia, e deixar que esse sentimento guie suas escolhas.<\/p>\n<p style=\"text-align: justify;\">N\u00e3o existe certo ou errado. O que mais importa \u00e9 a sinceridade da sua inten\u00e7\u00e3o.<\/p>\n<p style=\"text-align: justify;\">Ao definir suas inten\u00e7\u00f5es, pode ser poderoso reconhecer o quanto voc\u00ea j\u00e1 progrediu nos \u00faltimos nove anos.<\/p>\n<p style=\"text-align: justify;\">Pense em todo o trabalho interior, cura, coragem e crescimento necess\u00e1rios para traz\u00ea-lo at\u00e9 este momento.<\/p>\n<p style=\"text-align: justify;\">Permita-se sentir orgulho da pessoa que voc\u00ea se tornou!<\/p>\n<p style=\"text-align: justify;\">A gratid\u00e3o por quem voc\u00ea \u00e9 agora amplifica o que voc\u00ea est\u00e1 atraindo para o futuro.<\/p>\n<p style=\"text-align: justify;\">Voc\u00ea tamb\u00e9m pode convidar sua Presen\u00e7a EU SOU, seu Eu Superior e o Divino, conforme voc\u00ea o compreende, para cocriar este pr\u00f3ximo cap\u00edtulo com voc\u00ea.<\/p>\n<p style=\"text-align: justify;\">Em vez de tentar resolver tudo com a mente, voc\u00ea pode simplesmente dizer do fundo do seu cora\u00e7\u00e3o:<\/p>\n<p style=\"text-align: justify;\">\u201cEstou disposto a me alinhar com os resultados mais elevados e amorosos para a minha vida e para este planeta. Mostre-me o pr\u00f3ximo passo!\u201d<\/p>\n<p style=\"text-align: justify;\">Ent\u00e3o, permane\u00e7a aberto aos suaves toques, \u00e0 sincronicidade e aos conhecimentos internos que surgirem.<\/p>\n<p style=\"text-align: justify;\">O descanso tamb\u00e9m faz parte deste processo de cria\u00e7\u00e3o. N\u00e3o precisamos arrastar o cansa\u00e7o antigo para um novo ciclo.<\/p>\n<p style=\"text-align: justify;\">Permitir-nos descansar, desconectar e relaxar n\u00e3o \u00e9 pregui\u00e7a. \u00c9 profunda confian\u00e7a. Sinaliza \u00e0 vida que estamos prontos para receber de novas maneiras, n\u00e3o apenas por meio de esfor\u00e7o e insist\u00eancia, mas por meio do alinhamento e da abertura.<\/p>\n<p style=\"text-align: justify;\">Compartilharei mais sobre este novo ciclo na Previs\u00e3o Energ\u00e9tica de Janeiro de 2026 e em nossos pr\u00f3ximos encontros.<\/p>\n<p style=\"text-align: justify;\">Por ora, saiba que cada inten\u00e7\u00e3o amorosa que voc\u00ea estabelece, cada padr\u00e3o que voc\u00ea libera e cada ato de bondade que voc\u00ea oferece j\u00e1 est\u00e1 moldando o caminho \u00e0 sua frente.<\/p>\n<p style=\"text-align: justify;\">Para finalizar, gratid\u00e3o por ser voc\u00ea.<\/p>\n<p style=\"text-align: justify;\">Sua presen\u00e7a neste planeta neste momento n\u00e3o \u00e9 um acidente. \u00c9 uma d\u00e1diva profunda.<\/p>\n<p style=\"text-align: justify;\">Por voc\u00ea ter se disposto a sentir, a curar, a questionar antigas hist\u00f3rias e a se dedicar ao seu trabalho interior, muita coisa est\u00e1 mudando de maneiras que podemos ver e de maneiras vitais que talvez nunca vejamos completamente.<\/p>\n<p style=\"text-align: justify;\">Sua luz \u00e9 parte do motivo pelo qual novas possibilidades est\u00e3o se abrindo para todos n\u00f3s.<\/p>\n<p style=\"text-align: justify;\">Por isso e por muito mais, um sincero agradecimento.<\/p>\n<p style=\"text-align: justify;\">At\u00e9 a pr\u00f3xima,<\/p>\n<p style=\"text-align: justify;\"><strong>Com gratid\u00e3o,<\/strong><br \/>\n<strong>Emmanuel<\/strong><br \/>\n<a href=\"https:\/\/emmanueldagher.com\/\" target=\"_blank\" rel=\"noopener\">https:\/\/emmanueldagher.com<\/a><\/p>\n<p style=\"text-align: justify;\">Tradu\u00e7\u00e3o:Regina Drumond &#8211;\u00a0<a href=\"http:\/\/reginamadrumond@yahoo.com.br\/\" target=\"_blank\" rel=\"noopener\">reginamadrumond@yahoo.com.br<\/a><\/p>\n<div class='epvc-post-count'><span class='epvc-eye'><\/span>  <span class=\"epvc-count\"> 264<\/span><span class='epvc-label'> Views<\/span><\/div>","protected":false},"excerpt":{"rendered":"<p>O IN\u00cdCIO DE UMA NOVA ERA Boas Festas! Como mencionado na Previs\u00e3o da Energia anterior, estamos em um dos momentos mais cruciais de nossas vidas. Estamos concluindo uma era poderosa de 9 anos, e as escolhas que fizermos agora moldar\u00e3o o cen\u00e1rio de nossa realidade pessoal e coletiva pelos pr\u00f3ximos anos. E aqui estamos, com [&hellip;]<\/p>\n","protected":false},"author":1,"featured_media":0,"comment_status":"closed","ping_status":"closed","sticky":false,"template":"","format":"standard","meta":{"footnotes":""},"categories":[1],"tags":[],"class_list":["post-18749","post","type-post","status-publish","format-standard","hentry","category-sem-categoria"],"amp_enabled":true,"_links":{"self":[{"href":"https:\/\/espacodosol.com\/blog\/index.php\/wp-json\/wp\/v2\/posts\/18749","targetHints":{"allow":["GET"]}}],"collection":[{"href":"https:\/\/espacodosol.com\/blog\/index.php\/wp-json\/wp\/v2\/posts"}],"about":[{"href":"https:\/\/espacodosol.com\/blog\/index.php\/wp-json\/wp\/v2\/types\/post"}],"author":[{"embeddable":true,"href":"https:\/\/espacodosol.com\/blog\/index.php\/wp-json\/wp\/v2\/users\/1"}],"replies":[{"embeddable":true,"href":"https:\/\/espacodosol.com\/blog\/index.php\/wp-json\/wp\/v2\/comments?post=18749"}],"version-history":[{"count":2,"href":"https:\/\/espacodosol.com\/blog\/index.php\/wp-json\/wp\/v2\/posts\/18749\/revisions"}],"predecessor-version":[{"id":18752,"href":"https:\/\/espacodosol.com\/blog\/index.php\/wp-json\/wp\/v2\/posts\/18749\/revisions\/18752"}],"wp:attachment":[{"href":"https:\/\/espacodosol.com\/blog\/index.php\/wp-json\/wp\/v2\/media?parent=18749"}],"wp:term":[{"taxonomy":"category","embeddable":true,"href":"https:\/\/espacodosol.com\/blog\/index.php\/wp-json\/wp\/v2\/categories?post=18749"},{"taxonomy":"post_tag","embeddable":true,"href":"https:\/\/espacodosol.com\/blog\/index.php\/wp-json\/wp\/v2\/tags?post=18749"}],"curies":[{"name":"wp","href":"https:\/\/api.w.org\/{rel}","templated":true}]}}